{"id":18457,"date":"2021-02-08T11:26:50","date_gmt":"2021-02-08T09:26:50","guid":{"rendered":"https:\/\/www.nsa.smsm.lt\/old\/?p=18457"},"modified":"2021-02-08T11:38:16","modified_gmt":"2021-02-08T09:38:16","slug":"mokslininkei-m-gimbutienei-skirtos-konferencijos-pranesimai-vaizdo-irase","status":"publish","type":"post","link":"https:\/\/www.nsa.smsm.lt\/old\/2021\/02\/08\/mokslininkei-m-gimbutienei-skirtos-konferencijos-pranesimai-vaizdo-irase\/","title":{"rendered":"Mokslininkei M. Gimbutienei skirtos konferencijos prane\u0161imai \u2013 vaizdo \u012fra\u0161e"},"content":{"rendered":"<p>2021-ieji paskelbti i\u0161kilios archeolog\u0117s, antropolog\u0117s, balt\u0173 ir indoeuropie\u010di\u0173 kult\u016bros bei mitologijos tyrin\u0117tojos Marijos Gimbutien\u0117s metais. Ji savo moksliniuose darbuose gilinosi \u012f sen\u0105j\u0105 lietuvi\u0173 kult\u016br\u0105, mitologij\u0105, tautosak\u0105, tyrin\u0117jo balt\u0173 ir indoeuropie\u010di\u0173 istorij\u0105 bei Senosios Europos civilizacij\u0105.<\/p>\n<p>M. Gimbutien\u0117s \u0161imtosioms gimimo metin\u0117ms pamin\u0117ti Prezident\u016broje surengta virtuali konferencija \u201eStipryb\u0117s semiuosi i\u0161 Lietuvos\u201c.<\/p>\n<p>Renginyje M. Gimbutien\u0117s asmenyb\u0119 ir veikl\u0105 prisimin\u0117 Lietuvos akademin\u0117 ir \u0161vietimo bendruomen\u0117, taip pat surengta diskusija apie pilieti\u0161kumo ugdym\u0105. Visus konferencijos prane\u0161\u0117j\u0173 pasisakymus rasite renginio vaizdo \u012fra\u0161e:\u00a0<a href=\"https:\/\/mokytojotv.emokykla.lt\/2021\/02\/virtuali-konferencija-stiprybes_61.html\" data-auth=\"NotApplicable\">https:\/\/mokytojotv.emokykla.lt\/2021\/02\/virtuali-konferencija-stiprybes_61.html<\/a><\/p>\n","protected":false},"excerpt":{"rendered":"<p>2021-ieji paskelbti i\u0161kilios archeolog\u0117s, antropolog\u0117s, balt\u0173 ir indoeuropie\u010di\u0173 kult\u016bros bei mitologijos tyrin\u0117tojos Marijos Gimbutien\u0117s metais. Ji savo moksliniuose darbuose gilinosi \u012f sen\u0105j\u0105 lietuvi\u0173 kult\u016br\u0105, mitologij\u0105, tautosak\u0105, tyrin\u0117jo balt\u0173 ir indoeuropie\u010di\u0173 istorij\u0105 bei Senosios Europos civilizacij\u0105. M. Gimbutien\u0117s \u0161imtosioms gimimo metin\u0117ms&nbsp;<a href=\"https:\/\/www.nsa.smsm.lt\/old\/2021\/02\/08\/mokslininkei-m-gimbutienei-skirtos-konferencijos-pranesimai-vaizdo-irase\/\" class=\"placiau\">Pla\u010diau <i class=\"fa fa-caret-right\"><\/i><\/a><\/p>\n","protected":false},"author":5,"featured_media":0,"comment_status":"open","ping_status":"open","sticky":false,"template":"","format":"standard","meta":{"_acf_changed":false,"footnotes":""},"categories":[1],"tags":[],"class_list":["post-18457","post","type-post","status-publish","format-standard","hentry","category-nacionalines-svietimo-agenturos-naujienos"],"acf":[],"_links":{"self":[{"href":"https:\/\/www.nsa.smsm.lt\/old\/wp-json\/wp\/v2\/posts\/18457","targetHints":{"allow":["GET"]}}],"collection":[{"href":"https:\/\/www.nsa.smsm.lt\/old\/wp-json\/wp\/v2\/posts"}],"about":[{"href":"https:\/\/www.nsa.smsm.lt\/old\/wp-json\/wp\/v2\/types\/post"}],"author":[{"embeddable":true,"href":"https:\/\/www.nsa.smsm.lt\/old\/wp-json\/wp\/v2\/users\/5"}],"replies":[{"embeddable":true,"href":"https:\/\/www.nsa.smsm.lt\/old\/wp-json\/wp\/v2\/comments?post=18457"}],"version-history":[{"count":0,"href":"https:\/\/www.nsa.smsm.lt\/old\/wp-json\/wp\/v2\/posts\/18457\/revisions"}],"wp:attachment":[{"href":"https:\/\/www.nsa.smsm.lt\/old\/wp-json\/wp\/v2\/media?parent=18457"}],"wp:term":[{"taxonomy":"category","embeddable":true,"href":"https:\/\/www.nsa.smsm.lt\/old\/wp-json\/wp\/v2\/categories?post=18457"},{"taxonomy":"post_tag","embeddable":true,"href":"https:\/\/www.nsa.smsm.lt\/old\/wp-json\/wp\/v2\/tags?post=18457"}],"curies":[{"name":"wp","href":"https:\/\/api.w.org\/{rel}","templated":true}]}}