{"id":17611,"date":"2021-01-18T09:55:40","date_gmt":"2021-01-18T07:55:40","guid":{"rendered":"https:\/\/www.nsa.smsm.lt\/old\/?p=17611"},"modified":"2021-01-18T09:59:22","modified_gmt":"2021-01-18T07:59:22","slug":"kasmenesines-vaizdo-konferencijos-ugdymo-turinio-atnaujinimas-kas-vyksta","status":"publish","type":"post","link":"https:\/\/www.nsa.smsm.lt\/old\/2021\/01\/18\/kasmenesines-vaizdo-konferencijos-ugdymo-turinio-atnaujinimas-kas-vyksta\/","title":{"rendered":"Kasm\u0117nesin\u0117s vaizdo konferencijos \u201eUGDYMO TURINIO ATNAUJINIMAS: KAS VYKSTA?\u201c"},"content":{"rendered":"<p><strong>Sausio 29 d. 15.00 val. Nacionalin\u0117 \u0161vietimo agent\u016bra (N\u0160A) kvie\u010dia vis\u0105 \u0161vietimo bendruomen\u0119, socialinius partnerius ir visus norin\u010dius dalyvauti pirmojoje tokioje ir nuo \u0161i\u0173 met\u0173 prad\u017eios <u>kiekvien\u0105 m\u0117nesio paskutin\u012f penktadien\u012f<\/u> organizuojamoje vaizdo konferencijoje \u201e<em>UGDYMO TURINIO ATNAUJINIMAS: KAS VYKSTA?\u201c<\/em> <\/strong><\/p>\n<p>Jos metu projekto \u201eSkaitmeninio ugdymo turinio k\u016brimas ir diegimas\u201c \u012fgyvendintojai (\u0160vietimo, mokslo ir sporto ministerijos bei N\u0160A atstovai) pristatys aktualiausius vykstan\u010dius bei planuojamus procesus, ap\u017evelgs darb\u0173 eig\u0105, specifinius klausimus bei kvies visus konferencijos dalyvius dalyvauti diskusijoje, reikalingoje norint pasiekti kokybi\u0161kus rezultatus turinio atnaujinimo veiklose.<\/p>\n<p>Vaizdo konferencija vyks <strong>\u201eZOOM\u201c<\/strong> platformoje (<strong>nuoroda \u012f kanal\u0105 <\/strong><a href=\"https:\/\/zoom.us\/j\/93098163335\"><strong>&gt;&gt;&gt;&gt;<\/strong><\/a>), tik steb\u0117ti bei komentaruose u\u017eduoti klausimus norintiems konferencija bus transliuojama <strong>N\u0160A \u201eFacebook\u201c paskyroje.<\/strong><\/p>\n<p>&nbsp;<\/p>\n<p><strong>Sausio 29 d. konferencijos programa:<\/strong><\/p>\n<ul>\n<li><strong>Bendr\u0173j\u0173 program\u0173 atnaujinimas.<\/strong> Irena Raudien\u0117, \u0160vietimo, mokslo ir sporto ministerijos Bendrojo ugdymo departamento Pagrindinio ir vidurinio ugdymo skyriaus ved\u0117ja.<\/li>\n<li><strong>Kod\u0117l kompetencijomis gr\u012fsta programa?<\/strong> dr. Emilija Alma Sakadolskien\u0117, Vilniaus universiteto Ugdymo moksl\u0173 instituto, Vytauto Did\u017eiojo universiteto Muzikos akademijos docent\u0117, Lietuvos \u0161vietimo tarybos nar\u0117.<\/li>\n<li><strong>Bendr\u0173j\u0173 program\u0173 atnaujinimo darbai.<\/strong> Saul\u0117 Vingelien\u0117, N\u0160A Ugdymo turinio departamento Ugdymo turinio rengimo skyriaus ved\u0117ja.<\/li>\n<\/ul>\n<p>&nbsp;<\/p>\n<p>Primename, jog kiekvieno m\u0117nesio paskutin\u012f penktadien\u012f organizuojamoje konferencijoje <strong>laukiami visi <\/strong>norintys daugiau su\u017einoti apie \u0161iuo metu vykdom\u0105 Ugdymo turinio atnaujinim\u0105 (UTA) bei norintys dalyvauti diskusijose, kelti aktualius klausimus.<\/p>\n<p>&#8212;<\/p>\n<p><strong>Prenumeruokite MOKYKLA 2030<\/strong>\u00a0naujienas ir pirmieji gaukite informacij\u0105 apie Ugdymo turinio atnaujinimo aktualijas!\u00a0<a href=\"https:\/\/www.mokykla2030.lt\/prenumerata\/\">&gt;&gt;&gt;&gt;<\/a><\/p>\n","protected":false},"excerpt":{"rendered":"<p>Sausio 29 d. 15.00 val. Nacionalin\u0117 \u0161vietimo agent\u016bra (N\u0160A) kvie\u010dia vis\u0105 \u0161vietimo bendruomen\u0119, socialinius partnerius ir visus norin\u010dius dalyvauti pirmojoje tokioje ir nuo \u0161i\u0173 met\u0173 prad\u017eios kiekvien\u0105 m\u0117nesio paskutin\u012f penktadien\u012f organizuojamoje vaizdo konferencijoje \u201eUGDYMO TURINIO ATNAUJINIMAS: KAS VYKSTA?\u201c Jos metu&nbsp;<a href=\"https:\/\/www.nsa.smsm.lt\/old\/2021\/01\/18\/kasmenesines-vaizdo-konferencijos-ugdymo-turinio-atnaujinimas-kas-vyksta\/\" class=\"placiau\">Pla\u010diau <i class=\"fa fa-caret-right\"><\/i><\/a><\/p>\n","protected":false},"author":5,"featured_media":0,"comment_status":"open","ping_status":"open","sticky":false,"template":"","format":"standard","meta":{"_acf_changed":false,"footnotes":""},"categories":[1],"tags":[],"class_list":["post-17611","post","type-post","status-publish","format-standard","hentry","category-nacionalines-svietimo-agenturos-naujienos"],"acf":[],"_links":{"self":[{"href":"https:\/\/www.nsa.smsm.lt\/old\/wp-json\/wp\/v2\/posts\/17611","targetHints":{"allow":["GET"]}}],"collection":[{"href":"https:\/\/www.nsa.smsm.lt\/old\/wp-json\/wp\/v2\/posts"}],"about":[{"href":"https:\/\/www.nsa.smsm.lt\/old\/wp-json\/wp\/v2\/types\/post"}],"author":[{"embeddable":true,"href":"https:\/\/www.nsa.smsm.lt\/old\/wp-json\/wp\/v2\/users\/5"}],"replies":[{"embeddable":true,"href":"https:\/\/www.nsa.smsm.lt\/old\/wp-json\/wp\/v2\/comments?post=17611"}],"version-history":[{"count":0,"href":"https:\/\/www.nsa.smsm.lt\/old\/wp-json\/wp\/v2\/posts\/17611\/revisions"}],"wp:attachment":[{"href":"https:\/\/www.nsa.smsm.lt\/old\/wp-json\/wp\/v2\/media?parent=17611"}],"wp:term":[{"taxonomy":"category","embeddable":true,"href":"https:\/\/www.nsa.smsm.lt\/old\/wp-json\/wp\/v2\/categories?post=17611"},{"taxonomy":"post_tag","embeddable":true,"href":"https:\/\/www.nsa.smsm.lt\/old\/wp-json\/wp\/v2\/tags?post=17611"}],"curies":[{"name":"wp","href":"https:\/\/api.w.org\/{rel}","templated":true}]}}