{"id":16823,"date":"2020-01-18T11:42:16","date_gmt":"2020-01-18T09:42:16","guid":{"rendered":"https:\/\/www.nsa.smsm.lt\/old\/?p=16823"},"modified":"2021-01-20T10:15:29","modified_gmt":"2021-01-20T08:15:29","slug":"kvieciame-teikti-paraiskas-i-bendrojo-ugdymo-programas-igyvendinanciu-mokyklu-vertintoju-isores-vertintoju-mokymo-programa-2","status":"publish","type":"post","link":"https:\/\/www.nsa.smsm.lt\/old\/2020\/01\/18\/kvieciame-teikti-paraiskas-i-bendrojo-ugdymo-programas-igyvendinanciu-mokyklu-vertintoju-isores-vertintoju-mokymo-programa-2\/","title":{"rendered":"Kvie\u010diame teikti parai\u0161kas \u012f bendrojo ugdymo programas \u012fgyvendinan\u010di\u0173 mokykl\u0173 vertintoj\u0173 (i\u0161or\u0117s vertintoj\u0173) mokymo program\u0105"},"content":{"rendered":"<p>Nacionalin\u0117 \u0161vietimo agent\u016bra, vykdydama projekt\u0105 \u201eNeformaliojo vaik\u0173 \u0161vietimo, ikimokyklinio, prie\u0161mokyklinio ir bendrojo ugdymo vertinimo, \u012fsivertinimo tobulinimas ir pl\u0117tot\u0117\u201c (Nr. 09.2.1- ESFA-V-706-03-0001), kvie\u010dia teikti parai\u0161kas \u012f mokykl\u0173, \u012fgyvendinan\u010di\u0173 bendrojo ugdymo programas (toliau \u2013 BUM) i\u0161or\u0117s vertintoj\u0173 mokymo program\u0105.<\/p>\n<p>Parengti BUM vertintojai po mokym\u0173 geb\u0117s mokyklos veikl\u0105 vertinti vadovaudamiesi mokyklos veiklos \u012fsivertinim\u0105, i\u0161orin\u012f vertinim\u0105 ir \u0161vietim\u0105 reglamentuojan\u010diais teis\u0117s aktais, suvoks ugdymo(si) proceso pamokose ir kitose veiklose \u0161iuolaiki\u0161kum\u0105, geb\u0117s apibendrinti, sisteminti, analizuoti informacij\u0105, rengti i\u0161vadas ir skland\u017eiai d\u0117styti mintis \u017eod\u017eiu ir ra\u0161tu, bendrauti ir bendradarbiauti, b\u016bti aktyviu komandos nariu ir pasitik\u0117ti kitais asmenimis, priimti objektyvius sprendimus, i\u0161laikant pusiausvyr\u0105 tarp emocionalumo ir racionalumo.<\/p>\n<p><strong>Reikalavimai ketinantiems dalyvauti mokymuose:<\/strong><\/p>\n<ul>\n<li>Parai\u0161kas gali teikti dirbantys asmenys turintys auk\u0161t\u0105j\u012f i\u0161silavinim\u0105, pedagogo (ar andragogo) kvalifikacij\u0105 ir ne trumpesn\u0119 kaip 3 met\u0173 darbo patirt\u012f \u0161vietimo sistemoje bent vienoje i\u0161 \u0161i\u0173 sri\u010di\u0173: pedagogin\u0117je, vadybin\u0117je, mokslin\u0117je;<\/li>\n<li>Parei\u0161k\u0117jas turi b\u016bti motyvuotas dalyvauti mokymuose ir parai\u0161koje ai\u0161kiai suformuluoti dalyvavimo mokymuose motyvus;<\/li>\n<li>Parei\u0161k\u0117jas turi b\u016bti suderin\u0119s dalyvavimo mokymuose klausim\u0105 su savo \u0161vietimo \u012fstaigos vadovu;<\/li>\n<li>Parei\u0161k\u0117jas \u012fsipareigoja dalyvauti visose pasirinktos programos mokym\u0173 dalyse;<\/li>\n<li>Privalumas, jeigu parei\u0161k\u0117jas turi konsultacinio ir (ar) ekspertinio darbo patirties;<\/li>\n<li>Dalyvauti mokymuose galima tik pagal vien\u0105 pasirinkt\u0105 program\u0105.<\/li>\n<\/ul>\n<p>Atrank\u0105 \u012f mokymus vykdo Nacionalin\u0117 \u0161vietimo agent\u016bra (N\u0160A). Atrinkti dalyviai bus informuojami per 10 darbo dien\u0173 nuo sprendimo pri\u0117mimo. Neatrinkti dalyviai nebus informuojami.<\/p>\n<p>Atrinkt\u0173 dalyvi\u0173 kelion\u0117s \u012f mokym\u0173 vietov\u0119 ir i\u0161 jos, maitinimo ir nakvyn\u0117s i\u0161laidos mokym\u0173 metu apmokamos Europos socialinio fondo ir valstyb\u0117s finansuojamo projekto \u201eNeformaliojo vaik\u0173 \u0161vietimo, ikimokyklinio, prie\u0161mokyklinio ir bendrojo ugdymo vertinimo, \u012fsivertinimo tobulinimas ir pl\u0117tot\u0117\u201c (Nr. 09.2.1-ESFA-V-706-03-0001) pagal fiksuot\u0105 kain\u0105.<\/p>\n<p>Pretendent\u0173 \u012f mokymo programas atranka bus vykdoma atsi\u017evelgiant \u012f teritorin\u012f pasiskirstymo princip\u0105.<\/p>\n<p>Mokym\u0173 trukm\u0117 \u2013 80 val. (10 dien\u0173 4 dali\u0173 mokymai). Programos vykdymas numatytas 2021 m. I \u2013 II ketvirt\u012f. Apie konkre\u010di\u0105 mokym\u0173 viet\u0105 ir konkret\u0173 mokym\u0173 laik\u0105 informuosime jau atrinktus dalyvius. \u0160iuo metu mokymai vykdomi nuotoliniu b\u016bdu, pasikeitus situacijai mokymai vyks tiesiogiai.<\/p>\n<p><a href=\"http:\/\/www.nmva.smm.lt\/wp-content\/uploads\/2019\/11\/Tvarkos-apra%C5%A1as.pdf\">Projekto \u00a0\u201eNeformaliojo \u00a0vaik\u0173 \u00a0\u0161vietimo, \u00a0ikimokyklinio, \u00a0prie\u0161mokyklinio \u00a0ir \u00a0bendrojo \u00a0ugdymo \u00a0vertinimo,\u00a0 \u012fsivertinimo\u00a0 tobulinimas\u00a0 ir pl\u0117tot\u0117\u201c (Nr. 09.2.1-ESFA-V-706-03-0001)\u00a0 pretendent\u0173 \u012f \u00a0mokymo programas atrankos vykdymo tvarkos apra\u0161as<\/a><\/p>\n<p>&nbsp;<\/p>\n<p>Parai\u0161kas pra\u0161ome pateikti <strong>iki 2021 m. vasario 1 d. <\/strong>imtinai: <a href=\"https:\/\/forms.gle\/pjK13xMEn7riTprW6\">https:\/\/forms.gle\/pjK13xMEn7riTprW6<\/a><\/p>\n<p>&nbsp;<\/p>\n<p>Dangira Bielinyt\u0117<br \/>\nNacionalin\u0117s \u0161vietimo agent\u016bros<br \/>\nSteb\u0117senos ir vertinimo departamento<br \/>\nProjekto \u201eNeformaliojo vaik\u0173 \u0161vietimo, ikimokyklinio, prie\u0161mokyklinio ir bendrojo ugdymo vertinimo, \u012fsivertinimo tobulinimas ir pl\u0117tot\u0117\u201c (Nr. 09.2.1-ESFA-V-706-03-0001) metodinink\u0117<br \/>\nTel. +3706 70 22107, el. p. <a href=\"mailto:dangira.bielinyte@nsa.smm.lt\">dangira.bielinyte@nsa.smm.lt<\/a><\/p>\n","protected":false},"excerpt":{"rendered":"<p>Nacionalin\u0117 \u0161vietimo agent\u016bra, vykdydama projekt\u0105 \u201eNeformaliojo vaik\u0173 \u0161vietimo, ikimokyklinio, prie\u0161mokyklinio ir bendrojo ugdymo vertinimo, \u012fsivertinimo tobulinimas ir pl\u0117tot\u0117\u201c (Nr. 09.2.1- ESFA-V-706-03-0001), kvie\u010dia teikti parai\u0161kas \u012f mokykl\u0173, \u012fgyvendinan\u010di\u0173 bendrojo ugdymo programas (toliau \u2013 BUM) i\u0161or\u0117s vertintoj\u0173 mokymo program\u0105. Parengti BUM vertintojai&nbsp;<a href=\"https:\/\/www.nsa.smsm.lt\/old\/2020\/01\/18\/kvieciame-teikti-paraiskas-i-bendrojo-ugdymo-programas-igyvendinanciu-mokyklu-vertintoju-isores-vertintoju-mokymo-programa-2\/\" class=\"placiau\">Pla\u010diau <i class=\"fa fa-caret-right\"><\/i><\/a><\/p>\n","protected":false},"author":5,"featured_media":0,"comment_status":"open","ping_status":"open","sticky":false,"template":"","format":"standard","meta":{"_acf_changed":false,"footnotes":""},"categories":[1],"tags":[],"class_list":["post-16823","post","type-post","status-publish","format-standard","hentry","category-nacionalines-svietimo-agenturos-naujienos"],"acf":[],"_links":{"self":[{"href":"https:\/\/www.nsa.smsm.lt\/old\/wp-json\/wp\/v2\/posts\/16823","targetHints":{"allow":["GET"]}}],"collection":[{"href":"https:\/\/www.nsa.smsm.lt\/old\/wp-json\/wp\/v2\/posts"}],"about":[{"href":"https:\/\/www.nsa.smsm.lt\/old\/wp-json\/wp\/v2\/types\/post"}],"author":[{"embeddable":true,"href":"https:\/\/www.nsa.smsm.lt\/old\/wp-json\/wp\/v2\/users\/5"}],"replies":[{"embeddable":true,"href":"https:\/\/www.nsa.smsm.lt\/old\/wp-json\/wp\/v2\/comments?post=16823"}],"version-history":[{"count":0,"href":"https:\/\/www.nsa.smsm.lt\/old\/wp-json\/wp\/v2\/posts\/16823\/revisions"}],"wp:attachment":[{"href":"https:\/\/www.nsa.smsm.lt\/old\/wp-json\/wp\/v2\/media?parent=16823"}],"wp:term":[{"taxonomy":"category","embeddable":true,"href":"https:\/\/www.nsa.smsm.lt\/old\/wp-json\/wp\/v2\/categories?post=16823"},{"taxonomy":"post_tag","embeddable":true,"href":"https:\/\/www.nsa.smsm.lt\/old\/wp-json\/wp\/v2\/tags?post=16823"}],"curies":[{"name":"wp","href":"https:\/\/api.w.org\/{rel}","templated":true}]}}