{"id":16706,"date":"2020-12-13T19:58:53","date_gmt":"2020-12-13T17:58:53","guid":{"rendered":"https:\/\/www.nsa.smsm.lt\/old\/?p=16706"},"modified":"2020-12-13T19:58:53","modified_gmt":"2020-12-13T17:58:53","slug":"informacinis-seminaras-pretendentu-i-svietimo-istaigos-vadovus-kompetenciju-vertinimas-8","status":"publish","type":"post","link":"https:\/\/www.nsa.smsm.lt\/old\/2020\/12\/13\/informacinis-seminaras-pretendentu-i-svietimo-istaigos-vadovus-kompetenciju-vertinimas-8\/","title":{"rendered":"Informacinis seminaras \u201ePretendent\u0173 \u012f \u0161vietimo \u012fstaigos vadovus kompetencij\u0173 vertinimas\u201c"},"content":{"rendered":"<p>Informuojame, kad Nacionalin\u0117s \u0161vietimo agent\u016bros Steb\u0117senos ir vertinimo departamento Vertinimo skyriaus organizuojamas seminaras \u201ePretendent\u0173 \u012f \u0161vietimo \u012fstaigos vadovus kompetencij\u0173 vertinimas\u201c vyks\u00a0<strong>\u0161. m. gruod\u017eio 18 d. 10 val.<\/strong>\u00a0nuotoliniu b\u016bdu.<\/p>\n<p>Seminaras skirtas pretendentams, planuojantiems dalyvauti konkursuose \u012f \u0161vietimo \u012fstaig\u0173 (i\u0161skyrus auk\u0161t\u0105sias mokyklas) vadov\u0173 pareigas, visiems kitiems besidomintiems vadovavimo kompetencij\u0173 vertinimu. Seminaro metu bus supa\u017eindinama su kompetencij\u0173 vertinimo organizavimu (registracija, pasirengimu, vertinimo metodika).<\/p>\n<p>Registruotis \u012f informacin\u012f seminar\u0105 galima\u00a0adresu\u00a0<a href=\"https:\/\/forms.gle\/yAq32XrQc9hZwWGi9\">https:\/\/forms.gle\/yAq32XrQc9hZwWGi9<\/a><\/p>\n<p>Dalyvi\u0173 skai\u010dius ribotas.<\/p>\n<p>Prisijungimo nuorod\u0105 atsi\u0173sime el. pa\u0161tu.<\/p>\n<p>&nbsp;<\/p>\n<p>Alma Ra\u010dkauskien\u0117<br \/>\nNacionalin\u0117s \u0161vietimo agent\u016bros<br \/>\nSteb\u0117senos ir vertinimo departamento<br \/>\nVertinimo skyriaus metodinink\u0117<br \/>\nEl. p.\u00a0<a href=\"mailto:alma.rackauskiene@nsa.smm.lt\">alma.rackauskiene@nsa.smm.lt<\/a><\/p>\n","protected":false},"excerpt":{"rendered":"<p>Informuojame, kad Nacionalin\u0117s \u0161vietimo agent\u016bros Steb\u0117senos ir vertinimo departamento Vertinimo skyriaus organizuojamas seminaras \u201ePretendent\u0173 \u012f \u0161vietimo \u012fstaigos vadovus kompetencij\u0173 vertinimas\u201c vyks\u00a0\u0161. m. gruod\u017eio 18 d. 10 val.\u00a0nuotoliniu b\u016bdu. Seminaras skirtas pretendentams, planuojantiems dalyvauti konkursuose \u012f \u0161vietimo \u012fstaig\u0173 (i\u0161skyrus auk\u0161t\u0105sias mokyklas)&nbsp;<a href=\"https:\/\/www.nsa.smsm.lt\/old\/2020\/12\/13\/informacinis-seminaras-pretendentu-i-svietimo-istaigos-vadovus-kompetenciju-vertinimas-8\/\" class=\"placiau\">Pla\u010diau <i class=\"fa fa-caret-right\"><\/i><\/a><\/p>\n","protected":false},"author":5,"featured_media":0,"comment_status":"open","ping_status":"open","sticky":false,"template":"","format":"standard","meta":{"_acf_changed":false,"footnotes":""},"categories":[1],"tags":[],"class_list":["post-16706","post","type-post","status-publish","format-standard","hentry","category-nacionalines-svietimo-agenturos-naujienos"],"acf":[],"_links":{"self":[{"href":"https:\/\/www.nsa.smsm.lt\/old\/wp-json\/wp\/v2\/posts\/16706","targetHints":{"allow":["GET"]}}],"collection":[{"href":"https:\/\/www.nsa.smsm.lt\/old\/wp-json\/wp\/v2\/posts"}],"about":[{"href":"https:\/\/www.nsa.smsm.lt\/old\/wp-json\/wp\/v2\/types\/post"}],"author":[{"embeddable":true,"href":"https:\/\/www.nsa.smsm.lt\/old\/wp-json\/wp\/v2\/users\/5"}],"replies":[{"embeddable":true,"href":"https:\/\/www.nsa.smsm.lt\/old\/wp-json\/wp\/v2\/comments?post=16706"}],"version-history":[{"count":0,"href":"https:\/\/www.nsa.smsm.lt\/old\/wp-json\/wp\/v2\/posts\/16706\/revisions"}],"wp:attachment":[{"href":"https:\/\/www.nsa.smsm.lt\/old\/wp-json\/wp\/v2\/media?parent=16706"}],"wp:term":[{"taxonomy":"category","embeddable":true,"href":"https:\/\/www.nsa.smsm.lt\/old\/wp-json\/wp\/v2\/categories?post=16706"},{"taxonomy":"post_tag","embeddable":true,"href":"https:\/\/www.nsa.smsm.lt\/old\/wp-json\/wp\/v2\/tags?post=16706"}],"curies":[{"name":"wp","href":"https:\/\/api.w.org\/{rel}","templated":true}]}}