{"id":16481,"date":"2020-11-26T12:12:50","date_gmt":"2020-11-26T10:12:50","guid":{"rendered":"https:\/\/www.nsa.smsm.lt\/old\/?p=16481"},"modified":"2020-11-26T12:30:14","modified_gmt":"2020-11-26T10:30:14","slug":"lapkricio-26-diena-minima-tarptautine-prancuzu-kalbos-mokytojo-diena","status":"publish","type":"post","link":"https:\/\/www.nsa.smsm.lt\/old\/2020\/11\/26\/lapkricio-26-diena-minima-tarptautine-prancuzu-kalbos-mokytojo-diena\/","title":{"rendered":"Lapkri\u010dio 26 dien\u0105 minima Tarptautin\u0117 pranc\u016bz\u0173 kalbos mokytojo diena"},"content":{"rendered":"<p><img loading=\"lazy\" decoding=\"async\" class=\"alignnone wp-image-16482\" src=\"https:\/\/www.nsa.smsm.lt\/old\/old\/wp-content\/uploads\/2020\/11\/1-300x91.jpg\" alt=\"\" width=\"396\" height=\"120\" srcset=\"https:\/\/www.nsa.smsm.lt\/old\/wp-content\/uploads\/2020\/11\/1-300x91.jpg 300w, https:\/\/www.nsa.smsm.lt\/old\/wp-content\/uploads\/2020\/11\/1-1024x311.jpg 1024w, https:\/\/www.nsa.smsm.lt\/old\/wp-content\/uploads\/2020\/11\/1-768x233.jpg 768w, https:\/\/www.nsa.smsm.lt\/old\/wp-content\/uploads\/2020\/11\/1.jpg 1400w\" sizes=\"auto, (max-width: 396px) 100vw, 396px\" \/> <img loading=\"lazy\" decoding=\"async\" class=\"alignnone size-full wp-image-16483\" src=\"https:\/\/www.nsa.smsm.lt\/old\/old\/wp-content\/uploads\/2020\/11\/2.jpg\" alt=\"\" width=\"231\" height=\"139\" \/><\/p>\n<p>Pasaul\u012f sudrebinusi pandemija lemia dar skubesn\u0119 pedagogini\u0173 praktik\u0173 kait\u0105. Koks naujas santykis gimsta tarp besimokan\u010di\u0173j\u0173 ir pedagog\u0173, kaip jiems tenka bendradarbiauti? Kaip atskleisti ir atnaujinti savo pedagogin\u012f potencial\u0105, kai klas\u0117 t\u0117ra virtuali? Kaip skubiai prisitaikyti prie skaitmeninio pasaulio galimybi\u0173 \u012fvairov\u0117s? Ar anks\u010diau \u012fgytos profesin\u0117s praktikos ir taikytos metodikos i\u0161liks?<\/p>\n<p>Tai esminiai klausimai, kuriais \u0161iandien, lapkri\u010dio 26 dien\u0105, diskutuoja viso pasaulio pranc\u016bz\u0173 kalbos mokytojai ir d\u0117stytojai daugyb\u0117je virtuali\u0173 susitikim\u0173, kuriuos \u0161ia, Pasaulin\u0117s pranc\u016bz\u0173 kalbos mokytoj\u0173 federacijos iniciatyva rengiama ir jau tradicija tampan\u010dia proga organizuoja tarptautiniai partneriai.<\/p>\n<p>Lietuvoje \u0161i iniciatyva taip pat atliepiama, akylesn\u012f d\u0117mes\u012f atkreipiant \u012f mokyklas, kurios motyvuotai pl\u0117toja frankofoni\u0161k\u0105j\u0105 aplink\u0105, ir ypa\u010d \u2013 pagerbiant pranc\u016bz\u0173 kalbos mokytojus ir d\u0117stytojus, kurie aktyviai prisideda prie pranc\u016bz\u0173 kalbos puosel\u0117jimo ne tik savo miestuose ar rajonuose, bet ir nacionaliniame bei tarptautiniame kontekstuose.<\/p>\n<p>\u0160ia proga, Nacionalin\u0117 \u0161vietimo agent\u016bra, bendradarbiaudama su Pranc\u016bz\u0173 institutu Lietuvoje, \u012fteik\u0117 <em>Qualit\u00e9 francophone<\/em> \u2013 Kokybi\u0161ko frankofoni\u0161kojo ugdymo \u017eenklus Vilniaus Jono Basanavi\u010diaus progimnazijai ir Lietuvos sveikatos moksl\u0173 universiteto gimnazijai. \u0160ios mokyklos buvo pateikusios parai\u0161kas \u017eenklui gauti ir pilnai atitiko kriterijus, kuri\u0173 esminiai \u2013 burti didesnes pranc\u016bz\u0173 kalbos besimokan\u010di\u0173j\u0173 klases, d\u0117styti pranc\u016bz\u0173 kalba kitus dalykus, rengti mokinius tarptautiniams DELF egzaminams, skatinti tarpmokyklinius ir tarpdalykinius projektus. \u0160is \u017eenklas yra mokykl\u0173 komand\u0173 veikl\u0173 \u012fvertinimas ir \u012fpareigojimas dvejiems metams vystyti prad\u0117tus sumanymus. Pra\u0117jusiais metais <em>Qualit\u00e9 francophone<\/em> \u2013 Kokybi\u0161ko frankofoni\u0161kojo ugdymo \u017eenklai buvo \u012fteikti Klaip\u0117dos \u201eAukuro\u201c gimnazijai, Alytaus Dz\u016bkijos pagrindinei mokyklai, Kauno Jurgio Dobkevi\u010diaus pagrindinei mokyklai, Radvili\u0161kio Lizdeikos gimnazijai ir Vilniaus Martyno Ma\u017evydo progimnazijai.<\/p>\n<p>Taip pat \u0161ia proga norima parodyti i\u0161skirtinum\u0105 tiems, kas per ilgesn\u0119 ar trumpesn\u0119 savo karjer\u0105 stipriai prisideda prie pranc\u016bz\u0173 kalbos puosel\u0117jimo. U\u017e prasmingai suvokiam\u0105 daugiakalbyst\u0119, u\u017e pranc\u016bz\u0173 kalbos ir frankofoni\u0161kosios kult\u016bros sklaid\u0105 Lietuvoje \u0161iandien skiriami Lietuvos Respublikos \u0161vietimo, mokslo ir sporto ministerijos ir Pranc\u016bz\u0173 instituto Lietuvoje pad\u0117kos ra\u0161tai \u0161iems Lietuvos pranc\u016bz\u0173 kalbos mokytoj\u0173 ir d\u0117stytoj\u0173 asociacijos nominuotiems pranc\u016bz\u0173 kalbos specialistams:<\/p>\n<p>prof. Vytautui Bikul\u010diui, Vilniaus universitetas<\/p>\n<p>prof. Genovaitei Dru\u010dkutei, Vilniaus universitetas<\/p>\n<p>Vitalijai Kazlauskienei, Vilniaus universitetas<\/p>\n<p>Svetlanai Kosovai, Vilniaus universitetas<\/p>\n<p>Pierre\u2018ui Henri Pache\u2018ui, Vilniaus Martyno Ma\u017evydo progimnazija<\/p>\n<p>Almai Razmienei, Kretingos Pranci\u0161kon\u0173 gimnazija<\/p>\n<p>Miroslavui Stasilo, Vilniaus universitetas<\/p>\n<p>Reginai Tijunonytei, Panev\u0117\u017eio raj. Vel\u017eio gimnazija<\/p>\n<p>\u017divilei Vai\u010di\u016bnienei, Palangos Senoji gimnazija<\/p>\n<p>Vitai Valiukienei, Vilniaus universitetas<\/p>\n<p>Sveikiname!<\/p>\n<p><em>Vivent les professeurs de <\/em><em>fran\u00e7ais!<\/em><\/p>\n","protected":false},"excerpt":{"rendered":"<p>Pasaul\u012f sudrebinusi pandemija lemia dar skubesn\u0119 pedagogini\u0173 praktik\u0173 kait\u0105. Koks naujas santykis gimsta tarp besimokan\u010di\u0173j\u0173 ir pedagog\u0173, kaip jiems tenka bendradarbiauti? Kaip atskleisti ir atnaujinti savo pedagogin\u012f potencial\u0105, kai klas\u0117 t\u0117ra virtuali? Kaip skubiai prisitaikyti prie skaitmeninio pasaulio galimybi\u0173 \u012fvairov\u0117s?&nbsp;<a href=\"https:\/\/www.nsa.smsm.lt\/old\/2020\/11\/26\/lapkricio-26-diena-minima-tarptautine-prancuzu-kalbos-mokytojo-diena\/\" class=\"placiau\">Pla\u010diau <i class=\"fa fa-caret-right\"><\/i><\/a><\/p>\n","protected":false},"author":5,"featured_media":0,"comment_status":"open","ping_status":"open","sticky":false,"template":"","format":"standard","meta":{"_acf_changed":false,"footnotes":""},"categories":[1],"tags":[],"class_list":["post-16481","post","type-post","status-publish","format-standard","hentry","category-nacionalines-svietimo-agenturos-naujienos"],"acf":[],"_links":{"self":[{"href":"https:\/\/www.nsa.smsm.lt\/old\/wp-json\/wp\/v2\/posts\/16481","targetHints":{"allow":["GET"]}}],"collection":[{"href":"https:\/\/www.nsa.smsm.lt\/old\/wp-json\/wp\/v2\/posts"}],"about":[{"href":"https:\/\/www.nsa.smsm.lt\/old\/wp-json\/wp\/v2\/types\/post"}],"author":[{"embeddable":true,"href":"https:\/\/www.nsa.smsm.lt\/old\/wp-json\/wp\/v2\/users\/5"}],"replies":[{"embeddable":true,"href":"https:\/\/www.nsa.smsm.lt\/old\/wp-json\/wp\/v2\/comments?post=16481"}],"version-history":[{"count":0,"href":"https:\/\/www.nsa.smsm.lt\/old\/wp-json\/wp\/v2\/posts\/16481\/revisions"}],"wp:attachment":[{"href":"https:\/\/www.nsa.smsm.lt\/old\/wp-json\/wp\/v2\/media?parent=16481"}],"wp:term":[{"taxonomy":"category","embeddable":true,"href":"https:\/\/www.nsa.smsm.lt\/old\/wp-json\/wp\/v2\/categories?post=16481"},{"taxonomy":"post_tag","embeddable":true,"href":"https:\/\/www.nsa.smsm.lt\/old\/wp-json\/wp\/v2\/tags?post=16481"}],"curies":[{"name":"wp","href":"https:\/\/api.w.org\/{rel}","templated":true}]}}