{"id":16298,"date":"2020-11-05T07:50:17","date_gmt":"2020-11-05T05:50:17","guid":{"rendered":"https:\/\/www.nsa.smsm.lt\/old\/?p=16298"},"modified":"2020-11-05T09:22:51","modified_gmt":"2020-11-05T07:22:51","slug":"consilium-educationis-seminaras","status":"publish","type":"post","link":"https:\/\/www.nsa.smsm.lt\/old\/2020\/11\/05\/consilium-educationis-seminaras\/","title":{"rendered":"Consilium Educationis seminaras \u201eMultimodalus ugdymas: ribos ir galimyb\u0117s\u201c"},"content":{"rendered":"<p><img loading=\"lazy\" decoding=\"async\" class=\"alignnone wp-image-16299\" src=\"https:\/\/www.nsa.smsm.lt\/old\/old\/wp-content\/uploads\/2020\/11\/paveikslelis-300x114.png\" alt=\"\" width=\"474\" height=\"180\" srcset=\"https:\/\/www.nsa.smsm.lt\/old\/wp-content\/uploads\/2020\/11\/paveikslelis-300x114.png 300w, https:\/\/www.nsa.smsm.lt\/old\/wp-content\/uploads\/2020\/11\/paveikslelis.png 473w\" sizes=\"auto, (max-width: 474px) 100vw, 474px\" \/><\/p>\n<p>Vilniaus universiteto (VU) Filosofijos fakultetas ir VU Ugdymo moksl\u0173 institutas <strong>2020 m.\u00a0lapkri\u010dio 11 d. (tre\u010diadien\u012f) 15 val. <\/strong>organizuoja Consilium Educationis seminar\u0105 <strong>\u201eMultimodalus ugdymas: ribos ir galimyb\u0117s\u201c<\/strong>, kuriame dalyvaus VU <strong>prof. dr. J\u016brat\u0117 Baranova<\/strong>\u00a0ir bendrautor\u0117 VU\u00a0<strong>prof. dr. Lilija Duoblien\u0117<\/strong>.<\/p>\n<p>Consilium Educationis organizuojamas seminaras skirtas pristatyti tik k\u0105 pasirod\u017eiusiai mokymo priemonei Baranova J., Duoblien\u0117\u00a0L. <em>Filosofija vaikams ir multimodalus ugdymas<\/em> (V.: VU leidykla), 2020.<\/p>\n<p>\u0160i metodin\u0117 priemon\u0117 pristato naujausias filosofijos bei filosofin\u0117s etikos mokymo tendencijas \u00a0mokykloje Lietuvoje ir pasaulyje.\u00a0S\u0105vok\u0105\u00a0<em>filosofija vaikams<\/em>\u00a0galima vartoti siaur\u0105ja prasme, kaip konkret\u0173\u00a0Matthew Lipmano ir\u00a0Ann Margaret Sharp metodikos atvej\u012f.\u00a0 Nauja \u2013 multimodalaus ugdymo perspektyva svarstys kino film\u0173, fotografij\u0173, medijos, garso \u012ftraukimo \u012f ugdym\u0105 atsiverian\u010dias galimybes. Tai abiej\u0173 autori\u0173 mokslinio projekto: \u201eMultimodalus ugdymas: filosofin\u0117s prielaidos ir problemos\u201c mokslinio tyrimo praktinis pritaikymas.<\/p>\n<p>Seminaras vyks nuotoliniu b\u016bdu.<\/p>\n<p>Prisijungimo nuoroda:\u00a0<a href=\"https:\/\/zoom.us\/j\/93751558033\">https:\/\/zoom.us\/j\/93751558033<\/a><\/p>\n<p>&nbsp;<\/p>\n<p>Seminar\u0173 Consilium Educationis moderator\u0117 \u00a0\u2013\u00a0<strong>VU Ugdymo moksl\u0173 instituto profesor\u0117 habil. dr. Vilija Targamadz\u0117.<\/strong><\/p>\n<p>&nbsp;<\/p>\n<p>Taip pat, tiesiogin\u0119 transliacij\u0105 galima bus sekti Ugdymo moksl\u0173 instituto Facebook paskyroje.<\/p>\n<p>Daugiau informacijos apie rengin\u012f:\u00a0\u00a0<a href=\"https:\/\/www.fsf.vu.lt\/naujienos\/fakulteto-ivykiai\/3970-consilium-educationis-seminaras2\">https:\/\/www.fsf.vu.lt\/naujienos\/fakulteto-ivykiai\/3970-consilium-educationis-seminaras2<\/a><br \/>\nFacebook renginys:\u00a0\u00a0<a href=\"https:\/\/www.facebook.com\/events\/4017606008256466\/\">https:\/\/www.facebook.com\/events\/4017606008256466\/<\/a><\/p>\n<p>&nbsp;<\/p>\n","protected":false},"excerpt":{"rendered":"<p>Vilniaus universiteto (VU) Filosofijos fakultetas ir VU Ugdymo moksl\u0173 institutas 2020 m.\u00a0lapkri\u010dio 11 d. (tre\u010diadien\u012f) 15 val. organizuoja Consilium Educationis seminar\u0105 \u201eMultimodalus ugdymas: ribos ir galimyb\u0117s\u201c, kuriame dalyvaus VU prof. dr. J\u016brat\u0117 Baranova\u00a0ir bendrautor\u0117 VU\u00a0prof. dr. Lilija Duoblien\u0117. Consilium Educationis&nbsp;<a href=\"https:\/\/www.nsa.smsm.lt\/old\/2020\/11\/05\/consilium-educationis-seminaras\/\" class=\"placiau\">Pla\u010diau <i class=\"fa fa-caret-right\"><\/i><\/a><\/p>\n","protected":false},"author":5,"featured_media":0,"comment_status":"open","ping_status":"open","sticky":false,"template":"","format":"standard","meta":{"_acf_changed":false,"footnotes":""},"categories":[1],"tags":[],"class_list":["post-16298","post","type-post","status-publish","format-standard","hentry","category-nacionalines-svietimo-agenturos-naujienos"],"acf":[],"_links":{"self":[{"href":"https:\/\/www.nsa.smsm.lt\/old\/wp-json\/wp\/v2\/posts\/16298","targetHints":{"allow":["GET"]}}],"collection":[{"href":"https:\/\/www.nsa.smsm.lt\/old\/wp-json\/wp\/v2\/posts"}],"about":[{"href":"https:\/\/www.nsa.smsm.lt\/old\/wp-json\/wp\/v2\/types\/post"}],"author":[{"embeddable":true,"href":"https:\/\/www.nsa.smsm.lt\/old\/wp-json\/wp\/v2\/users\/5"}],"replies":[{"embeddable":true,"href":"https:\/\/www.nsa.smsm.lt\/old\/wp-json\/wp\/v2\/comments?post=16298"}],"version-history":[{"count":0,"href":"https:\/\/www.nsa.smsm.lt\/old\/wp-json\/wp\/v2\/posts\/16298\/revisions"}],"wp:attachment":[{"href":"https:\/\/www.nsa.smsm.lt\/old\/wp-json\/wp\/v2\/media?parent=16298"}],"wp:term":[{"taxonomy":"category","embeddable":true,"href":"https:\/\/www.nsa.smsm.lt\/old\/wp-json\/wp\/v2\/categories?post=16298"},{"taxonomy":"post_tag","embeddable":true,"href":"https:\/\/www.nsa.smsm.lt\/old\/wp-json\/wp\/v2\/tags?post=16298"}],"curies":[{"name":"wp","href":"https:\/\/api.w.org\/{rel}","templated":true}]}}