{"id":16071,"date":"2020-10-19T14:42:51","date_gmt":"2020-10-19T12:42:51","guid":{"rendered":"https:\/\/www.nsa.smsm.lt\/old\/?p=16071"},"modified":"2020-10-20T09:23:36","modified_gmt":"2020-10-20T07:23:36","slug":"paroda-mokykla-2020-tampa-nuotoline","status":"publish","type":"post","link":"https:\/\/www.nsa.smsm.lt\/old\/2020\/10\/19\/paroda-mokykla-2020-tampa-nuotoline\/","title":{"rendered":"Paroda \u201eMokykla 2020\u201c tampa nuotoline!"},"content":{"rendered":"<p><img loading=\"lazy\" decoding=\"async\" class=\"alignnone size-medium wp-image-16073\" src=\"https:\/\/www.nsa.smsm.lt\/old\/old\/wp-content\/uploads\/2020\/10\/foto-300x200.jpg\" alt=\"\" width=\"300\" height=\"200\" srcset=\"https:\/\/www.nsa.smsm.lt\/old\/wp-content\/uploads\/2020\/10\/foto-300x200.jpg 300w, https:\/\/www.nsa.smsm.lt\/old\/wp-content\/uploads\/2020\/10\/foto-768x512.jpg 768w, https:\/\/www.nsa.smsm.lt\/old\/wp-content\/uploads\/2020\/10\/foto.jpg 800w\" sizes=\"auto, (max-width: 300px) 100vw, 300px\" \/><\/p>\n<p>Parodos <strong>\u201eMokykla 2020\u201c <\/strong>organizatoriai, atsi\u017evelgdami \u012f epidemiologin\u0119 situacij\u0105 \u0161alyje, prane\u0161a, kad paroda \u0161. m. lapkri\u010dio 20\u201321 dienomis vyks nuotoliniu b\u016bdu ir kvies \u012f pirm\u0105j\u0105 toki\u0105 virtuali\u0105 \u0161vietimo inovacij\u0173 parod\u0105!<\/p>\n<p>Parodos lektoriai ir dalyviai \u017eada itin \u012fdomias, interaktyvias paskaitas, \u012ftraukian\u010dius praktinius u\u017esi\u0117mimus bei skland\u0173 virtual\u0173 parodos lankym\u0105 visiems ir kiekvienam!<\/p>\n<p>&nbsp;<\/p>\n<p>Neabejotina, kad paroda \u201eMokykla 2020\u201c \u2013 vienas i\u0161 svarbiausi\u0173 Lietuvos \u0161vietimo bendruomen\u0117s met\u0173 rengini\u0173. Negana to, \u0161ias metais ji vyks jubiliejin\u012f \u2013 10-\u0105j\u012f \u2013 kart\u0105.<\/p>\n<p>Pagrindin\u0117 parodos tema \u2013 <strong>Skaitmenin\u0117 mokykla, <\/strong>kvie\u010dianti suprasti, jog <strong>ATEITIS VYKSTA DABAR<\/strong>. \u0160ie metai \u0161vietimo bendruomenei \u2013 itin ypatingi. Susidurta su daugybe i\u0161\u0161\u016bki\u0173 ir poky\u010di\u0173, paspartinusi\u0173 mokykl\u0173 skaitmenizacijos proces\u0105, ugdymo metod\u0173 bei bendravimo form\u0173 kait\u0105.<\/p>\n<p>&nbsp;<\/p>\n<p>Tad tradicinis renginys su netradicine tema ir formatu bei aktyviais, pasirengusiais atsakyti \u012f vis\u0173 parodos dalyvi\u0173 klausimus, lektoriais, i\u0161skirtiniais prane\u0161imais, \u201eAtradim\u0173 laboratorijomis\u201c ir kitomis, smalsioms akims skirtomis, veiklomis laukia ne tik \u0161vietimo bendruomen\u0117s nari\u0173, bet ir vis\u0173 \u0161vietimui neabejing\u0173 \u017emoni\u0173.<\/p>\n<p>&nbsp;<\/p>\n<p><strong>Visi kartu galime parod\u0105 \u201eMokykla 2020\u201c paversti lankomiausia \u0161vietimo paroda istorijoje! Kaip? PRISIJUNKITE!<\/strong><\/p>\n<p><strong>\u00a0<\/strong><\/p>\n<p>Parod\u0105 \u201eMokykla 2020\u201c organizuoja \u0160vietimo, mokslo ir sporto ministerija, Nacionalin\u0117 \u0161vietimo agent\u016bra bei \u201eLitexpo\u201c. Paroda vyks \u0161. m. lapkri\u010dio 20\u201321 d. nuotoliniu b\u016bdu.<\/p>\n<p>Dalyvavimas parodoje \u2013 <strong>nemokamas!<\/strong><\/p>\n<p>Parodos <strong>programa bei registracija<\/strong> bus paskelbta <strong>spalio 21 d.<\/strong><\/p>\n<p>Vis\u0105 informacij\u0105 apie parod\u0105 sekite tinklapyje <a href=\"http:\/\/www.parodamokykla.lt\"><strong>PARODAMOKYKLA.LT<\/strong><\/a><\/p>\n","protected":false},"excerpt":{"rendered":"<p>Parodos \u201eMokykla 2020\u201c organizatoriai, atsi\u017evelgdami \u012f epidemiologin\u0119 situacij\u0105 \u0161alyje, prane\u0161a, kad paroda \u0161. m. lapkri\u010dio 20\u201321 dienomis vyks nuotoliniu b\u016bdu ir kvies \u012f pirm\u0105j\u0105 toki\u0105 virtuali\u0105 \u0161vietimo inovacij\u0173 parod\u0105! Parodos lektoriai ir dalyviai \u017eada itin \u012fdomias, interaktyvias paskaitas, \u012ftraukian\u010dius praktinius&nbsp;<a href=\"https:\/\/www.nsa.smsm.lt\/old\/2020\/10\/19\/paroda-mokykla-2020-tampa-nuotoline\/\" class=\"placiau\">Pla\u010diau <i class=\"fa fa-caret-right\"><\/i><\/a><\/p>\n","protected":false},"author":5,"featured_media":0,"comment_status":"open","ping_status":"open","sticky":false,"template":"","format":"standard","meta":{"_acf_changed":false,"footnotes":""},"categories":[1],"tags":[],"class_list":["post-16071","post","type-post","status-publish","format-standard","hentry","category-nacionalines-svietimo-agenturos-naujienos"],"acf":[],"_links":{"self":[{"href":"https:\/\/www.nsa.smsm.lt\/old\/wp-json\/wp\/v2\/posts\/16071","targetHints":{"allow":["GET"]}}],"collection":[{"href":"https:\/\/www.nsa.smsm.lt\/old\/wp-json\/wp\/v2\/posts"}],"about":[{"href":"https:\/\/www.nsa.smsm.lt\/old\/wp-json\/wp\/v2\/types\/post"}],"author":[{"embeddable":true,"href":"https:\/\/www.nsa.smsm.lt\/old\/wp-json\/wp\/v2\/users\/5"}],"replies":[{"embeddable":true,"href":"https:\/\/www.nsa.smsm.lt\/old\/wp-json\/wp\/v2\/comments?post=16071"}],"version-history":[{"count":0,"href":"https:\/\/www.nsa.smsm.lt\/old\/wp-json\/wp\/v2\/posts\/16071\/revisions"}],"wp:attachment":[{"href":"https:\/\/www.nsa.smsm.lt\/old\/wp-json\/wp\/v2\/media?parent=16071"}],"wp:term":[{"taxonomy":"category","embeddable":true,"href":"https:\/\/www.nsa.smsm.lt\/old\/wp-json\/wp\/v2\/categories?post=16071"},{"taxonomy":"post_tag","embeddable":true,"href":"https:\/\/www.nsa.smsm.lt\/old\/wp-json\/wp\/v2\/tags?post=16071"}],"curies":[{"name":"wp","href":"https:\/\/api.w.org\/{rel}","templated":true}]}}