{"id":15989,"date":"2020-10-08T14:38:08","date_gmt":"2020-10-08T12:38:08","guid":{"rendered":"https:\/\/www.nsa.smsm.lt\/old\/?p=15989"},"modified":"2020-10-08T14:38:08","modified_gmt":"2020-10-08T12:38:08","slug":"krasto-apsaugos-ministerijos-virtualios-pamokos-diskusijos-mokykloms","status":"publish","type":"post","link":"https:\/\/www.nsa.smsm.lt\/old\/2020\/10\/08\/krasto-apsaugos-ministerijos-virtualios-pamokos-diskusijos-mokykloms\/","title":{"rendered":"Kra\u0161to apsaugos ministerijos virtualios pamokos-diskusijos mokykloms"},"content":{"rendered":"<p>Spalio 7 d. \u2013 Kra\u0161to apsaugos\u00a0 diena. \u0160iai datai pamin\u0117ti Kra\u0161to apsaugos ministerija pareng\u0117 dvi pilietinio ugdymo pamokas-diskusijas, skirtas vyresni\u0173j\u0173 klasi\u0173 mokiniams.<\/p>\n<p>Pirmoji pamoka.<\/p>\n<p><strong>Socialiniai tinklai \u2013 kuria, stiprina ar silpnina valstyb\u0119?<\/strong>\u00a0Ar sugeb\u0117tume \u0161iandien lengvai gyventi be socialini\u0173 tinkl\u0173? Ar tikrai virtualioje erdv\u0117je vartojame ir sekame tai, k\u0105 norime, o ne mums brukam\u0105 informacij\u0105? Kaip atskirti teising\u0105 informacij\u0105 nuo melagienos? \u012e\u017evalgomis dalijasi Lietuvos kariuomen\u0117s karininkas mjr. Tomas Balkus, Komunikacijos ir rinkodaros projekt\u0173 vadov\u0117 Indr\u0117 Baubonyt\u0117 ir istorik\u0117 Luka Sinevi\u010dien\u0117.\u00a0 Daugiau informacijos rasite \u010dia:\u00a0<a href=\"https:\/\/mokytojotv.emokykla.lt\/2020\/10\/kam-socialiniai-tinklai-kuria-stiprina.html\">https:\/\/mokytojotv.emokykla.lt\/2020\/10\/kam-socialiniai-tinklai-kuria-stiprina.html<\/a><\/p>\n<p>Antroji pamoka.<\/p>\n<p><strong>B\u016bti \u0161auktiniu \u2013 mitai ir realyb\u0117.<\/strong>\u00a0Rolandas Mackevi\u010dius apie tarnyb\u0105 kariuomen\u0117je kalbasi su Lietuvos karo akademijos instruktoriumi kpt. Alminu Sinevi\u010diumi ir buvusiu \u0161auktiniu Emiliu Grigu, k\u0105 tik baigusiu karin\u0119 tarnyb\u0105 Lietuvos did\u017eiojo kunigaik\u0161\u010dio Gedimino \u0161tabo batalione. Tarnauti Lietuvos kariuomen\u0117je \u2013\u00a0 pa\u0161aukimas, pareiga t\u0117vynei ar prievol\u0117? Kas yra sunkiausia tarnybos prad\u017eioje? Ar susiduria \u0161auktiniai su bausm\u0117mis? \u0160iuos ir kitus, kartais nepatogius, klausimus gvildena pa\u0161nekovai. Daugiau informacijos rasite \u010dia:\u00a0<a href=\"https:\/\/mokytojotv.emokykla.lt\/2020\/10\/kam-buti-sauktiniu-mitai-ir-realybe.html\">https:\/\/mokytojotv.emokykla.lt\/2020\/10\/kam-buti-sauktiniu-mitai-ir-realybe.html<\/a><\/p>\n<p>Kra\u0161to apsaugos diena pirm\u0105 kart\u0105 buvo surengta 2008 m. spalio 7 d. Lietuvos kariuomen\u0117s Motorizuotosios p\u0117stinink\u0173 brigados ,,Gele\u017einis Vilkas\u201c Karaliaus Mindaugo mechanizuotajame p\u0117stinink\u0173 batalione (Karaliaus Mindaugo husar\u0173 batalionas).\u00a0 Nuo 2014 m. Kra\u0161to apsaugos dienos tapo tradiciniais renginiais, kuriais\u00a0 siekiama sudaryti galimyb\u0119 mokiniams susipa\u017einti su Lietuvos kariuomene, skatinti stipresn\u012f bendradarbiavim\u0105 formuojant pilieti\u0161kai atsaking\u0105, Lietuv\u0105 ginti pasirengus\u012f piliet\u012f.<\/p>\n<p>&nbsp;<\/p>\n<p>Informacij\u0105 pateik\u0117 Lietuvos Respublikos kra\u0161to apsaugos ministerija<\/p>\n","protected":false},"excerpt":{"rendered":"<p>Spalio 7 d. \u2013 Kra\u0161to apsaugos\u00a0 diena. \u0160iai datai pamin\u0117ti Kra\u0161to apsaugos ministerija pareng\u0117 dvi pilietinio ugdymo pamokas-diskusijas, skirtas vyresni\u0173j\u0173 klasi\u0173 mokiniams. Pirmoji pamoka. Socialiniai tinklai \u2013 kuria, stiprina ar silpnina valstyb\u0119?\u00a0Ar sugeb\u0117tume \u0161iandien lengvai gyventi be socialini\u0173 tinkl\u0173? Ar&nbsp;<a href=\"https:\/\/www.nsa.smsm.lt\/old\/2020\/10\/08\/krasto-apsaugos-ministerijos-virtualios-pamokos-diskusijos-mokykloms\/\" class=\"placiau\">Pla\u010diau <i class=\"fa fa-caret-right\"><\/i><\/a><\/p>\n","protected":false},"author":5,"featured_media":0,"comment_status":"open","ping_status":"open","sticky":false,"template":"","format":"standard","meta":{"_acf_changed":false,"footnotes":""},"categories":[1],"tags":[],"class_list":["post-15989","post","type-post","status-publish","format-standard","hentry","category-nacionalines-svietimo-agenturos-naujienos"],"acf":[],"_links":{"self":[{"href":"https:\/\/www.nsa.smsm.lt\/old\/wp-json\/wp\/v2\/posts\/15989","targetHints":{"allow":["GET"]}}],"collection":[{"href":"https:\/\/www.nsa.smsm.lt\/old\/wp-json\/wp\/v2\/posts"}],"about":[{"href":"https:\/\/www.nsa.smsm.lt\/old\/wp-json\/wp\/v2\/types\/post"}],"author":[{"embeddable":true,"href":"https:\/\/www.nsa.smsm.lt\/old\/wp-json\/wp\/v2\/users\/5"}],"replies":[{"embeddable":true,"href":"https:\/\/www.nsa.smsm.lt\/old\/wp-json\/wp\/v2\/comments?post=15989"}],"version-history":[{"count":0,"href":"https:\/\/www.nsa.smsm.lt\/old\/wp-json\/wp\/v2\/posts\/15989\/revisions"}],"wp:attachment":[{"href":"https:\/\/www.nsa.smsm.lt\/old\/wp-json\/wp\/v2\/media?parent=15989"}],"wp:term":[{"taxonomy":"category","embeddable":true,"href":"https:\/\/www.nsa.smsm.lt\/old\/wp-json\/wp\/v2\/categories?post=15989"},{"taxonomy":"post_tag","embeddable":true,"href":"https:\/\/www.nsa.smsm.lt\/old\/wp-json\/wp\/v2\/tags?post=15989"}],"curies":[{"name":"wp","href":"https:\/\/api.w.org\/{rel}","templated":true}]}}