{"id":15607,"date":"2020-09-08T16:03:36","date_gmt":"2020-09-08T14:03:36","guid":{"rendered":"https:\/\/www.nsa.smsm.lt\/old\/?p=15607"},"modified":"2020-09-09T09:19:27","modified_gmt":"2020-09-09T07:19:27","slug":"lapkriti-jubiliejine-paroda-mokykla-2020","status":"publish","type":"post","link":"https:\/\/www.nsa.smsm.lt\/old\/2020\/09\/08\/lapkriti-jubiliejine-paroda-mokykla-2020\/","title":{"rendered":"Lapkrit\u012f &#8211; jubiliejin\u0117 paroda \u201eMOKYKLA 2020\u201c"},"content":{"rendered":"<p><img loading=\"lazy\" decoding=\"async\" class=\"alignleft wp-image-15609\" src=\"https:\/\/www.nsa.smsm.lt\/old\/old\/wp-content\/uploads\/2020\/09\/m2020-fb.jpeg\" alt=\"\" width=\"185\" height=\"185\" srcset=\"https:\/\/www.nsa.smsm.lt\/old\/wp-content\/uploads\/2020\/09\/m2020-fb.jpeg 800w, https:\/\/www.nsa.smsm.lt\/old\/wp-content\/uploads\/2020\/09\/m2020-fb-300x300.jpeg 300w, https:\/\/www.nsa.smsm.lt\/old\/wp-content\/uploads\/2020\/09\/m2020-fb-150x150.jpeg 150w, https:\/\/www.nsa.smsm.lt\/old\/wp-content\/uploads\/2020\/09\/m2020-fb-768x768.jpeg 768w\" sizes=\"auto, (max-width: 185px) 100vw, 185px\" \/>Skaitmeninimas \u017eengia spar\u010diais \u017eingsniais, ver\u017eiasi \u012f m\u016bs\u0173 buit\u012f, ne i\u0161imtis ir mokykla. Kas toliau? Gal virtualioji realyb\u0117 \u010dia pat, klas\u0117je? Su\u017einoti kvie\u010dia jubiliejin\u0117 10-oji paroda<strong> \u201eMOKYKLA 2020\u201c<\/strong>, kuri skelbia \u2013 <strong>ATEITIS VYKSTA DABAR<\/strong>.<\/p>\n<p>\u0160iemet \u0161vietimo bendruomen\u0117 susid\u016br\u0117 su ypatingais i\u0161\u0161\u016bkiais ir poky\u010diais, kurie paspartino mokykl\u0173 skaitmeninimo proces\u0105 ir mokymo(si) standart\u0173 poky\u010dius, ugdymo metodus bei bendravimo formas. Kaip skaitmeninimas kei\u010dia mokyklos gyvenim\u0105? Kaip pastarieji mokymo(si) i\u0161\u0161\u016bkiai pad\u0117s tobulinti ugdymo proces\u0105?<\/p>\n<p>Kad tai i\u0161siai\u0161kintume, <strong>lapkri\u010dio 20-21 dienomis<\/strong> organizatoriai si\u016blo inovatyvumo pripildyt\u0105 program\u0105. \u201e\u0160ias metais paroda \u201eMOKYKLA 2020\u201c pasi\u016blys plat\u0173 \u012fvairi\u0173 rengini\u0173 tinklel\u012f, pavyzd\u017eiui, kvalifikacijos tobulinimui skirtus u\u017esi\u0117mimus, susitikimus mokykl\u0173 vadovams, konsultacijas bei interaktyvius parodos aspektus: mug\u0119, naujausi\u0173 technologij\u0173 pristatymus ir tradicines \u201eAtradim\u0173 laboratorijas\u201c, \u2013 pasakoja Egidijus \u010ceponis, parodos rengini\u0173 vadovas.<\/p>\n<p style=\"text-align: center;\"><img loading=\"lazy\" decoding=\"async\" class=\"alignnone wp-image-15640\" src=\"https:\/\/www.nsa.smsm.lt\/old\/old\/wp-content\/uploads\/2020\/09\/pav-212x300.jpg\" alt=\"\" width=\"457\" height=\"646\" srcset=\"https:\/\/www.nsa.smsm.lt\/old\/wp-content\/uploads\/2020\/09\/pav-212x300.jpg 212w, https:\/\/www.nsa.smsm.lt\/old\/wp-content\/uploads\/2020\/09\/pav-724x1024.jpg 724w, https:\/\/www.nsa.smsm.lt\/old\/wp-content\/uploads\/2020\/09\/pav-768x1086.jpg 768w, https:\/\/www.nsa.smsm.lt\/old\/wp-content\/uploads\/2020\/09\/pav-1086x1536.jpg 1086w, https:\/\/www.nsa.smsm.lt\/old\/wp-content\/uploads\/2020\/09\/pav.jpg 1414w\" sizes=\"auto, (max-width: 457px) 100vw, 457px\" \/><\/p>\n<p>&nbsp;<\/p>\n<p><strong>Parodos lankymas \u2013 nemokamas!<\/strong><\/p>\n<p>Mokini\u0173 ir mokytoj\u0173 grupi\u0173 registracija pradedama <strong>spalio 19 d.<\/strong><\/p>\n<p>Parod\u0105 organizuoja \u0160vietimo, mokslo ir sporto ministerija, Nacionalin\u0117 \u0161vietimo agent\u016bra bei \u201eLitexpo\u201c. Paroda vyks lapkri\u010dio 20\u201321 d. Lietuvos parod\u0173 ir kongres\u0173 centre \u201eLitexpo\u201c.<\/p>\n<p>Vis\u0105 informacij\u0105 apie parod\u0105 sekite tinklapyje <strong><a href=\"https:\/\/www.parodamokykla.lt\/\">PARODAMOKYKLA.LT<\/a><\/strong><\/p>\n","protected":false},"excerpt":{"rendered":"<p>Skaitmeninimas \u017eengia spar\u010diais \u017eingsniais, ver\u017eiasi \u012f m\u016bs\u0173 buit\u012f, ne i\u0161imtis ir mokykla. Kas toliau? Gal virtualioji realyb\u0117 \u010dia pat, klas\u0117je? Su\u017einoti kvie\u010dia jubiliejin\u0117 10-oji paroda \u201eMOKYKLA 2020\u201c, kuri skelbia \u2013 ATEITIS VYKSTA DABAR. \u0160iemet \u0161vietimo bendruomen\u0117 susid\u016br\u0117 su ypatingais i\u0161\u0161\u016bkiais&nbsp;<a href=\"https:\/\/www.nsa.smsm.lt\/old\/2020\/09\/08\/lapkriti-jubiliejine-paroda-mokykla-2020\/\" class=\"placiau\">Pla\u010diau <i class=\"fa fa-caret-right\"><\/i><\/a><\/p>\n","protected":false},"author":1,"featured_media":0,"comment_status":"open","ping_status":"open","sticky":false,"template":"","format":"standard","meta":{"_acf_changed":false,"footnotes":""},"categories":[1],"tags":[],"class_list":["post-15607","post","type-post","status-publish","format-standard","hentry","category-nacionalines-svietimo-agenturos-naujienos"],"acf":[],"_links":{"self":[{"href":"https:\/\/www.nsa.smsm.lt\/old\/wp-json\/wp\/v2\/posts\/15607","targetHints":{"allow":["GET"]}}],"collection":[{"href":"https:\/\/www.nsa.smsm.lt\/old\/wp-json\/wp\/v2\/posts"}],"about":[{"href":"https:\/\/www.nsa.smsm.lt\/old\/wp-json\/wp\/v2\/types\/post"}],"author":[{"embeddable":true,"href":"https:\/\/www.nsa.smsm.lt\/old\/wp-json\/wp\/v2\/users\/1"}],"replies":[{"embeddable":true,"href":"https:\/\/www.nsa.smsm.lt\/old\/wp-json\/wp\/v2\/comments?post=15607"}],"version-history":[{"count":0,"href":"https:\/\/www.nsa.smsm.lt\/old\/wp-json\/wp\/v2\/posts\/15607\/revisions"}],"wp:attachment":[{"href":"https:\/\/www.nsa.smsm.lt\/old\/wp-json\/wp\/v2\/media?parent=15607"}],"wp:term":[{"taxonomy":"category","embeddable":true,"href":"https:\/\/www.nsa.smsm.lt\/old\/wp-json\/wp\/v2\/categories?post=15607"},{"taxonomy":"post_tag","embeddable":true,"href":"https:\/\/www.nsa.smsm.lt\/old\/wp-json\/wp\/v2\/tags?post=15607"}],"curies":[{"name":"wp","href":"https:\/\/api.w.org\/{rel}","templated":true}]}}