{"id":15549,"date":"2020-09-18T09:46:28","date_gmt":"2020-09-18T07:46:28","guid":{"rendered":"https:\/\/www.nsa.smsm.lt\/old\/?p=15549"},"modified":"2020-09-21T12:01:06","modified_gmt":"2020-09-21T10:01:06","slug":"15549","status":"publish","type":"post","link":"https:\/\/www.nsa.smsm.lt\/old\/2020\/09\/18\/15549\/","title":{"rendered":"Kvie\u010diame teikti parai\u0161kas \u012f \u0161vietimo \u012fstaig\u0173 vadov\u0173-mentori\u0173 mokymo program\u0105"},"content":{"rendered":"<p>Nacionalin\u0117 \u0161vietimo agent\u016bra, vykdydama projekt\u0105 \u201eNeformaliojo vaik\u0173 \u0161vietimo, ikimokyklinio, prie\u0161mokyklinio ir bendrojo ugdymo vertinimo, \u012fsivertinimo tobulinimas ir pl\u0117tot\u0117\u201c (Nr. 09.2.1-ESFA-V-706-03-0001), kvie\u010dia teikti parai\u0161kas \u012f <strong>\u0161vietimo vadov\u0173-mentori\u0173 mokymo program\u0105<\/strong>.<\/p>\n<p>\u0160vietimo \u012fstaig\u0173 vadov\u0173-mentori\u0173 mokym\u0173 programa skiriama mentoryst\u0117s kult\u016bros pl\u0117tojimui u\u017etikrinant kuo s\u0117kmingesn\u0119 \u0161vietimo \u012fstaigos vadovo karjeros prad\u017ei\u0105.<\/p>\n<p>Mokym\u0173 tikslin\u0117 grup\u0117 \u2013 \u0161vietimo \u012fstaig\u0173 vadovai, norintys pasidalinti savo praktinio darbo patirtimi su kolegomis, teikiant pagalb\u0105 ir konsultacijas bei padedant atpa\u017einti, \u012fvertinti ir perimti ger\u0105j\u0105 patirt\u012f tik prad\u0117jusiems dirbti \u0161vietimo \u012fstaig\u0173 vadovams.<\/p>\n<p>Parengti \u0161vietimo \u012fstaig\u0173 vadovai-mentoriai teiks \u0161vietimo pagalb\u0105, konsultacijas, kaip priimti sprendimus d\u0117l mokyklos veiklos tobulinimo ir pa\u017eangos bei organizuoti ir vykdyti mokyklos ugdymo proces\u0105 nenutolstant nuo pasirinktos strategijos.<\/p>\n<p>Reikalavimai ketinantiems dalyvauti mokymuose:<\/p>\n<ul>\n<li>Parai\u0161kas gali teikti dirbantys asmenys, turintys auk\u0161t\u0105j\u012f i\u0161silavinim\u0105, pedagogo (ar andragogo) kvalifikacij\u0105 ir ne trumpesn\u0119 kaip 5 m. vadovaujamojo darbo patirt\u012f \u0161vietimo sistemoje bent vienoje i\u0161 \u0161i\u0173 sri\u010di\u0173: pedagogin\u0117je, vadybin\u0117je, mokslin\u0117je;<\/li>\n<li>Parei\u0161k\u0117jas turi b\u016bti motyvuotas dalyvauti mokymuose ir parai\u0161koje ai\u0161kiai suformuluoti dalyvavimo mokymuose motyvus;<\/li>\n<li>Parei\u0161k\u0117jas turi b\u016bti suderin\u0119s dalyvavimo mokymuose klausim\u0105 su savo \u0161vietimo \u012fstaigos savininku (steig\u0117ju);<\/li>\n<li>Parei\u0161k\u0117jas \u012fsipareigoja dalyvauti visose pasirinktos programos mokym\u0173 dalyse.<\/li>\n<\/ul>\n<p>Atrank\u0105 \u012f mokymus vykdo Nacionalin\u0117 \u0161vietimo agent\u016bra (N\u0160A). Atrinkti dalyviai bus informuojami per 10 darbo dien\u0173 nuo sprendimo pri\u0117mimo. Neatrinkti dalyviai nebus informuojami.<\/p>\n<p>Atrinkt\u0173 dalyvi\u0173 kelion\u0117s \u012f mokym\u0173 vietov\u0119 ir i\u0161 jos, maitinimo ir nakvyn\u0117s i\u0161laidos mokym\u0173 metu apmokamos Europos socialinio fondo ir valstyb\u0117s finansuojamo projekto \u201eNeformaliojo vaik\u0173 \u0161vietimo, ikimokyklinio, prie\u0161mokyklinio ir bendrojo ugdymo vertinimo, \u012fsivertinimo tobulinimas ir pl\u0117tot\u0117\u201c (Nr. 09.2.1-ESFA-V-706-03-0001) pagal fiksuot\u0105 kain\u0105.<\/p>\n<p>Mokym\u0173 trukm\u0117 \u2013 80 val. Numatytas mokym\u0173 laikas: I dalis \u2013 spalio 12-13 dienomis, II dalis \u2013 spalio 26-28 dienomis, III dalis \u2013 lapkri\u010dio 16-17 dienomis, IV dalis \u2013 lapkri\u010dio 30-gruod\u017eio 2 dienomis.<br \/>\nMokym\u0173 vieta Vilniuje (tikslinama).<\/p>\n<p>Pasikeitus situacijai mokymai vyks nuotoliniu b\u016bdu.<\/p>\n<p>Projekto \u201eNeformaliojo vaik\u0173 \u0161vietimo, ikimokyklinio, prie\u0161mokyklinio ir bendrojo ugdymo vertinimo, \u012fsivertinimo tobulinimas ir pl\u0117tot\u0117\u201c (Nr. 09.2.1-ESFA-V-706-03-0001) pretendent\u0173 \u012f mokymo programas atrankos vykdymo <a href=\"https:\/\/www.nsa.smsm.lt\/old\/old\/wp-content\/uploads\/2020\/09\/tvarkos-aprasa.pdf\">tvarkos apra\u0161as<\/a><\/p>\n<p><a href=\"https:\/\/www.nsa.smsm.lt\/old\/old\/wp-content\/uploads\/2020\/09\/svietimo-istaigu-vadovu-mentoriu-mokymo-programa.pdf\">\u0160vietimo \u012fstaig\u0173 vadov\u0173-mentori\u0173 mokymo programa<\/a><\/p>\n<p>Parai\u0161kas pra\u0161ome pateikti <strong>iki 2020 m. spalio 2 d. imtinai.<\/strong><\/p>\n<p>Parai\u0161ka dalyvauti mokymuose: <a href=\"https:\/\/forms.gle\/DEPqFsqxUVLdrTM1A\">https:\/\/forms.gle\/DEPqFsqxUVLdrTM1A<\/a><\/p>\n<p>&nbsp;<\/p>\n<p>Jovita Monkevi\u010dien\u0117,<\/p>\n<p>Nacionalin\u0117s \u0161vietimo agent\u016bros<br \/>\nSteb\u0117senos ir vertinimo departamento<br \/>\nProjekto \u201eNeformaliojo vaik\u0173 \u0161vietimo, ikimokyklinio, prie\u0161mokyklinio ir bendrojo ugdymo vertinimo, \u012fsivertinimo tobulinimas ir pl\u0117tot\u0117\u201c (Nr. 09.2.1-ESFA-V-706-03-0001) metodinink\u0117<br \/>\nEl. p. <a href=\"mailto:jovita.monkeviciene@gmail.com\">jovita.monkeviciene@gmail.com<\/a><\/p>\n<p>Dangira Bielinyt\u0117,<\/p>\n<p>Nacionalin\u0117s \u0161vietimo agent\u016bros<br \/>\nSteb\u0117senos ir vertinimo departamento<br \/>\nProjekto \u201eNeformaliojo vaik\u0173 \u0161vietimo, ikimokyklinio, prie\u0161mokyklinio ir bendrojo ugdymo vertinimo, \u012fsivertinimo tobulinimas ir pl\u0117tot\u0117\u201c (Nr. 09.2.1-ESFA-V-706-03-0001) metodinink\u0117<br \/>\nTel. +370 670 22107, el. p. <a href=\"dangira.bielinyte@nsa.smm%20lt\">dangira.bielinyte@nsa.smm lt<\/a><\/p>\n","protected":false},"excerpt":{"rendered":"<p>Nacionalin\u0117 \u0161vietimo agent\u016bra, vykdydama projekt\u0105 \u201eNeformaliojo vaik\u0173 \u0161vietimo, ikimokyklinio, prie\u0161mokyklinio ir bendrojo ugdymo vertinimo, \u012fsivertinimo tobulinimas ir pl\u0117tot\u0117\u201c (Nr. 09.2.1-ESFA-V-706-03-0001), kvie\u010dia teikti parai\u0161kas \u012f \u0161vietimo vadov\u0173-mentori\u0173 mokymo program\u0105. \u0160vietimo \u012fstaig\u0173 vadov\u0173-mentori\u0173 mokym\u0173 programa skiriama mentoryst\u0117s kult\u016bros pl\u0117tojimui u\u017etikrinant kuo s\u0117kmingesn\u0119&nbsp;<a href=\"https:\/\/www.nsa.smsm.lt\/old\/2020\/09\/18\/15549\/\" class=\"placiau\">Pla\u010diau <i class=\"fa fa-caret-right\"><\/i><\/a><\/p>\n","protected":false},"author":5,"featured_media":0,"comment_status":"open","ping_status":"open","sticky":false,"template":"","format":"standard","meta":{"_acf_changed":false,"footnotes":""},"categories":[1],"tags":[],"class_list":["post-15549","post","type-post","status-publish","format-standard","hentry","category-nacionalines-svietimo-agenturos-naujienos"],"acf":[],"_links":{"self":[{"href":"https:\/\/www.nsa.smsm.lt\/old\/wp-json\/wp\/v2\/posts\/15549","targetHints":{"allow":["GET"]}}],"collection":[{"href":"https:\/\/www.nsa.smsm.lt\/old\/wp-json\/wp\/v2\/posts"}],"about":[{"href":"https:\/\/www.nsa.smsm.lt\/old\/wp-json\/wp\/v2\/types\/post"}],"author":[{"embeddable":true,"href":"https:\/\/www.nsa.smsm.lt\/old\/wp-json\/wp\/v2\/users\/5"}],"replies":[{"embeddable":true,"href":"https:\/\/www.nsa.smsm.lt\/old\/wp-json\/wp\/v2\/comments?post=15549"}],"version-history":[{"count":0,"href":"https:\/\/www.nsa.smsm.lt\/old\/wp-json\/wp\/v2\/posts\/15549\/revisions"}],"wp:attachment":[{"href":"https:\/\/www.nsa.smsm.lt\/old\/wp-json\/wp\/v2\/media?parent=15549"}],"wp:term":[{"taxonomy":"category","embeddable":true,"href":"https:\/\/www.nsa.smsm.lt\/old\/wp-json\/wp\/v2\/categories?post=15549"},{"taxonomy":"post_tag","embeddable":true,"href":"https:\/\/www.nsa.smsm.lt\/old\/wp-json\/wp\/v2\/tags?post=15549"}],"curies":[{"name":"wp","href":"https:\/\/api.w.org\/{rel}","templated":true}]}}