{"id":15478,"date":"2020-08-28T14:49:13","date_gmt":"2020-08-28T12:49:13","guid":{"rendered":"https:\/\/www.nsa.smsm.lt\/old\/?p=15478"},"modified":"2020-08-28T16:01:45","modified_gmt":"2020-08-28T14:01:45","slug":"mokyklu-vadovams-nuotoliniai-seminarai","status":"publish","type":"post","link":"https:\/\/www.nsa.smsm.lt\/old\/2020\/08\/28\/mokyklu-vadovams-nuotoliniai-seminarai\/","title":{"rendered":"Mokykl\u0173 vadovams \u2013 nuotoliniai seminarai"},"content":{"rendered":"<p><strong>Nacionalin\u0117 \u0161vietimo agent\u016bra (N\u0160A), art\u0117jant naujiems mokslo metams, mokykl\u0173 vadovams organizavo nuotolinius mokymus \u201eKaip pasitinkame 2020<\/strong><strong>\u20132021 mokslo metus?\u201c. Mokymai buvo skirti mokykl\u0173 direktoriams ir direktori\u0173 pavaduotojams ugdymui, j\u0173 metu aptarti 2020\u20132021 mokslo met\u0173 ugdymo organizavimo i\u0161\u0161\u016bkiai ir galimi j\u0173 sprendimo b\u016bdai.<\/strong><\/p>\n<p>Mokykl\u0173 veiklos \u012fsivertinimo ir tobulinimo skyriaus metodinink\u0117s Laima Gudait\u0117, Edita Gaili\u016bt\u0117, Monika Bilotien\u0117 pristat\u0117 mokykl\u0173 2019 m. veiklos \u012fsivertinimo ir pa\u017eangos duomen\u0173 rezultatus ir j\u0173 panaudojim\u0105 mokykl\u0173 praktikoje planuojant bei organizuojant ugdymo proces\u0105, atsi\u017evelgiant \u012f bendr\u0105sias veiklos kokyb\u0117s ir tobulinimo tendencijas.<\/p>\n<p>Ugdymo turinio departamento direktorius Vaino Brazdeikis ir \u0160vietimo pagalbos departamento Mokykl\u0173 veiklos \u012fsivertinimo ir tobulinimo skyriaus ved\u0117ja Albina Vilimien\u0117 pristat\u0117 metodines rekomendacijas \u201eNuotolinio mokymo(si) \/ ugdymo(si) vadovas. Bendrasis ugdymas\u201c. Pateikta informacija apie ugdymo organizavim\u0105, mokym\u0105(si), vertinim\u0105, taikant nuotolin\u012f mokym\u0105, pedagogui reikalingas skaitmenines kompetencijas, nuotolinio ugdymo kokyb\u0117s u\u017etikrinim\u0105, \u012ftrauk\u0173j\u012f ugdym\u0105 ir \u0161vietimo pagalb\u0105, emocin\u0119 ir psichologin\u0119 gerov\u0119, bendravimo ir bendradarbiavimo formas, nuotolinio ugdymo ypatumus skirtingose pakopose.<\/p>\n<p>\u0160vietimo, mokslo ir sporto ministerijos Pagrindinio ir vidurinio ugdymo skyriaus patar\u0117ja Audron\u0117 \u0160uminien\u0117 pristat\u0117 ugdymo proceso organizavimo poky\u010dius 2020\u20132021 mokslo metais.<\/p>\n<p>Seminaro metu ger\u0105ja patirtimi dalinosi Radvili\u0161kio Gra\u017einos pagrindin\u0117s mokyklos direktorius Laisv\u016bnas Vai\u010di\u016bnas ir skaitmenini\u0173 technologij\u0173 administratorius \/ IKT koordinatorius Egidijus Dailidonis, Vilniaus Vytauto Did\u017eiojo gimnazijos direktorius Rytis Komi\u010dius, Kauno j\u0117zuit\u0173 gimnazijos direktoriaus pavaduotojas Virgilijus Saulius, Jurbarko r. Er\u017evilko gimnazijos direktoriaus pavaduotojas Vytautas Valutis, Alytaus Dz\u016bkijos mokyklos direktoriaus pavaduotoja Jolanta Savukynien\u0117 bei Lietuvos\u00a0 vaik\u0173 ir jaunimo\u00a0 centro Sveikatingumo skyriaus ved\u0117ja Vaida Mockevi\u010dien\u0117.<\/p>\n<p>Seminar\u0173 metu nepamir\u0161ti ir i\u0161\u0161\u016bkiai, su kuriais susid\u016br\u0117 bendruomen\u0117 ir kaip \u0161ie i\u0161\u0161\u016bkiai buvo sprend\u017eiami. I\u0161 viso seminaruose u\u017esiregistravo 1207 dalyviai, o prisijung\u0117 beveik 900. Pana\u0161ius seminarus planuojama rengti ir mokslo met\u0173 eigoje.<\/p>\n<p><strong><em>Nacionalin\u0117 \u0161vietimo agent\u016bra (N\u0160A) dalyvauja \u012fgyvendinant valstybin\u0119 ikimokyklinio, prie\u0161mokyklinio ir bendrojo ugdymo politik\u0105. Prisideda u\u017etikrinant \u0161vietimo kokyb\u0119, teikia informacin\u0119, konsultacin\u0119, kvalifikacijos tobulinimo, ugdymo pagalb\u0105. Vykdo \u0161vietimo steb\u0117sen\u0105 ir \u0161vietimo tyrimus, formuoja ugdymo turin\u012f ir koordinuoja jo \u012fgyvendinim\u0105.<\/em><\/strong><\/p>\n<p>&nbsp;<\/p>\n<p><strong><em><u>Daugiau informacijos<\/u><\/em><\/strong><\/p>\n<p>Nacionalin\u0117 \u0161vietimo agent\u016bra<\/p>\n<p>el. pa\u0161tas:\u00a0<a role=\"link\" href=\"mailto:ziniasklaidai@nsa.smm.lt\">ziniasklaidai@nsa.smm.lt<\/a><\/p>\n","protected":false},"excerpt":{"rendered":"<p>Nacionalin\u0117 \u0161vietimo agent\u016bra (N\u0160A), art\u0117jant naujiems mokslo metams, mokykl\u0173 vadovams organizavo nuotolinius mokymus \u201eKaip pasitinkame 2020\u20132021 mokslo metus?\u201c. Mokymai buvo skirti mokykl\u0173 direktoriams ir direktori\u0173 pavaduotojams ugdymui, j\u0173 metu aptarti 2020\u20132021 mokslo met\u0173 ugdymo organizavimo i\u0161\u0161\u016bkiai ir galimi j\u0173 sprendimo&nbsp;<a href=\"https:\/\/www.nsa.smsm.lt\/old\/2020\/08\/28\/mokyklu-vadovams-nuotoliniai-seminarai\/\" class=\"placiau\">Pla\u010diau <i class=\"fa fa-caret-right\"><\/i><\/a><\/p>\n","protected":false},"author":5,"featured_media":0,"comment_status":"open","ping_status":"open","sticky":false,"template":"","format":"standard","meta":{"_acf_changed":false,"footnotes":""},"categories":[1],"tags":[],"class_list":["post-15478","post","type-post","status-publish","format-standard","hentry","category-nacionalines-svietimo-agenturos-naujienos"],"acf":[],"_links":{"self":[{"href":"https:\/\/www.nsa.smsm.lt\/old\/wp-json\/wp\/v2\/posts\/15478","targetHints":{"allow":["GET"]}}],"collection":[{"href":"https:\/\/www.nsa.smsm.lt\/old\/wp-json\/wp\/v2\/posts"}],"about":[{"href":"https:\/\/www.nsa.smsm.lt\/old\/wp-json\/wp\/v2\/types\/post"}],"author":[{"embeddable":true,"href":"https:\/\/www.nsa.smsm.lt\/old\/wp-json\/wp\/v2\/users\/5"}],"replies":[{"embeddable":true,"href":"https:\/\/www.nsa.smsm.lt\/old\/wp-json\/wp\/v2\/comments?post=15478"}],"version-history":[{"count":0,"href":"https:\/\/www.nsa.smsm.lt\/old\/wp-json\/wp\/v2\/posts\/15478\/revisions"}],"wp:attachment":[{"href":"https:\/\/www.nsa.smsm.lt\/old\/wp-json\/wp\/v2\/media?parent=15478"}],"wp:term":[{"taxonomy":"category","embeddable":true,"href":"https:\/\/www.nsa.smsm.lt\/old\/wp-json\/wp\/v2\/categories?post=15478"},{"taxonomy":"post_tag","embeddable":true,"href":"https:\/\/www.nsa.smsm.lt\/old\/wp-json\/wp\/v2\/tags?post=15478"}],"curies":[{"name":"wp","href":"https:\/\/api.w.org\/{rel}","templated":true}]}}