{"id":15471,"date":"2020-08-28T12:24:08","date_gmt":"2020-08-28T10:24:08","guid":{"rendered":"https:\/\/www.nsa.smsm.lt\/old\/?p=15471"},"modified":"2020-08-28T13:41:33","modified_gmt":"2020-08-28T11:41:33","slug":"pirmus-metus-dirbanciu-mokytoju-atranka-dalyvauti-pedagogineje-stazuoteje-pratesiama-iki-2020-m-rugsejo-10-d","status":"publish","type":"post","link":"https:\/\/www.nsa.smsm.lt\/old\/2020\/08\/28\/pirmus-metus-dirbanciu-mokytoju-atranka-dalyvauti-pedagogineje-stazuoteje-pratesiama-iki-2020-m-rugsejo-10-d\/","title":{"rendered":"Pirmus metus dirban\u010di\u0173 mokytoj\u0173 atranka dalyvauti pedagogin\u0117je sta\u017euot\u0117je prat\u0119siama iki 2020 m. rugs\u0117jo 10 d."},"content":{"rendered":"<p>Kvie\u010diame pradedan\u010diuosius pedagogus, \u012fdarbintus ikimokyklinio, prie\u0161mokyklinio, pradinio, pagrindinio ir vidurinio ugdymo programas \u012fgyvendinan\u010diose \u0161vietimo \u012fstaigose (arba ketinan\u010dius \u012fsidarbinti 2020 m. rugs\u0117jo m\u0117nes\u012f) dalyvauti projekte \u201eT\u0119sk&#8221; ir i\u0161bandyti pedagogin\u0117s sta\u017euot\u0117s model\u012f.<\/p>\n<p><a href=\"https:\/\/www.smm.lt\/uploads\/documents\/Pedagogams\/PRR%202018-05-29%20%20patvirtintas.pdf\">Pedagog\u0173 rengimo reglamente (2018)<\/a> numatyta, kad pedagogin\u0119 sta\u017euot\u0119 atlieka kiekvienas pradedantysis pedagogas ir kiekviena \u0161vietimo \u012fstaiga sudaro s\u0105lygas pedagoginei sta\u017euotei \u012fgyvendinti.<\/p>\n<p>2020\u20132021 m. m. projekto dalyviams (pradedantiesiems pedagogams, j\u0173 mentoriams, mokyklos mokytojams) bus sudarytos geriausios s\u0105lygos tobulinti pedagogines ir kt. kompetencijas: dalyvauti kvalifikacijos tobulinimo mokymuose, refleksijose, supervizijose, vykti dalintis ger\u0105ja patirtimi \u012f kitas mokyklas, konsultuotis su auk\u0161t\u0173j\u0173 mokykl\u0173 d\u0117stytojais ir kt.<\/p>\n<p><strong>Pradedantieji pedagogai, ketinantys dalyvauti pedagogin\u0117je sta\u017euot\u0117je, turi atitikti \u0161iuos reikalavimus:<\/strong><\/p>\n<ol>\n<li>Tur\u0117ti auk\u0161t\u0105j\u012f i\u0161silavinim\u0105.<\/li>\n<li>Tur\u0117ti pedagogo kvalifikacij\u0105.<\/li>\n<li>Pedagoginio darbo patirties po\u017ei\u016briu tenkinti vien\u0105 i\u0161 \u0161i\u0173 s\u0105lyg\u0173:<\/li>\n<\/ol>\n<p>3.1. 2020\u20132021 mokslo metai bus pirmieji pedagoginio darbo metai po pedagogo kvalifikacijos \u012fgijimo (gali tur\u0117ti pedagoginio darbo patirties iki pedagogo kvalifikacijos \u012fgijimo).<\/p>\n<p>3.2. Turi iki 12 m\u0117n. ankstesn\u0117s pedagoginio darbo patirties ir gr\u012f\u017eta \u012f pedagogin\u012f darb\u0105 po ne ma\u017eiau kaip 5 met\u0173 pertraukos.<\/p>\n<p>3.3. Gr\u012f\u017eta dirbti pedagogin\u012f darb\u0105 po 10 met\u0173 ar ilgesn\u0117s pertraukos.<\/p>\n<p>&nbsp;<\/p>\n<p><a href=\"https:\/\/forms.gle\/eagRsdR8pcmm1Cww9\"><strong>Registracijos anket\u0105<\/strong><\/a><strong>\u00a0pra\u0161ome u\u017epildyti nuo 2020 m. rugpj\u016b\u010dio 28 d. iki 2020 m. rugs\u0117jo 10 d.<\/strong> Anket\u0105 gali u\u017epildyti pradedantysis pedagogas (sutar\u0119s d\u0117l dalyvavimo projekte su \u0161vietimo \u012fstaigos vadovu) arba \u0161vietimo \u012fstaigos vadovas, sutar\u0119s su pradedan\u010diuoju pedagogu ir mentoriumi (galima skirti du mentorius, atsi\u017evelgiant \u012f b\u016bsimojo sta\u017euotojo planuojamas tobulinti kompetencijas).<\/p>\n<p>Pasibaigus atrankos etapui, per 5 darbo dienas atrankos komisijos nariai auk\u0161tosiose mokyklose informuos asmeni\u0161kai visus dalyvius j\u0173 registracijos anketoje nurodytu elektroninio pa\u0161to adresu apie atrankos rezultatus.<\/p>\n<p>Kilus klausimams, maloniai kvie\u010diame kreiptis \u012f atsakingus projekto \u201eT\u0119sk\u201c ekspertus auk\u0161tosiose mokyklose ir Nacionalin\u0117je \u0161vietimo agent\u016broje:<\/p>\n<p>&nbsp;<\/p>\n<table>\n<tbody>\n<tr>\n<td width=\"205\">Institucija<\/td>\n<td width=\"180\">Vardas, pavard\u0117<\/td>\n<td width=\"231\">El. pa\u0161to adresas, tel. nr.<\/td>\n<\/tr>\n<tr>\n<td width=\"205\">Kauno technologijos universitetas<\/td>\n<td width=\"180\">Berita Simonaitien\u0117<\/td>\n<td width=\"231\">&nbsp;<\/p>\n<p><a href=\"mailto:berita.simonaitiene@ktu.lt\">berita.simonaitiene@ktu.lt<\/a>;<\/p>\n<p>8 687 87 888<\/p>\n<p>&nbsp;<\/td>\n<\/tr>\n<tr>\n<td width=\"205\">Mykolo Romerio universitetas<\/td>\n<td width=\"180\">Romas Prakapas<\/td>\n<td width=\"231\"><a href=\"mailto:prakapas@mruni.eu\">prakapas@mruni.eu<\/a>;<\/p>\n<p>8 618 62 544<\/p>\n<p>&nbsp;<\/td>\n<\/tr>\n<tr>\n<td width=\"205\">\u0160iauli\u0173 universitetas<\/td>\n<td width=\"180\">Edita Musneckien\u0117<\/td>\n<td width=\"231\"><a href=\"mailto:edita.musneckiene@su.lt\">edita.musneckiene@su.lt<\/a>;<\/p>\n<p>8 687 57 248<\/p>\n<p>&nbsp;<\/td>\n<\/tr>\n<tr>\n<td width=\"205\">Vilniaus kolegija<\/td>\n<td width=\"180\">Rima Aleknavi\u010di\u016bt\u0117-Stasiul\u0117<\/td>\n<td width=\"231\"><a href=\"mailto:r.aleknaviciute-stasiule@pdf.viko.lt\">r.aleknaviciute-stasiule@pdf.viko.lt<\/a>;<\/p>\n<p>8 601 17 028<\/p>\n<p>&nbsp;<\/td>\n<\/tr>\n<tr>\n<td width=\"205\">Vilniaus universitetas<\/td>\n<td width=\"180\">Asta Me\u0161kauskien\u0117<\/td>\n<td width=\"231\"><a href=\"mailto:asta.meskauskiene@fsf.vu.lt\">asta.meskauskiene@fsf.vu.lt<\/a>;<\/p>\n<p>8 686 82 450<\/p>\n<p>&nbsp;<\/td>\n<\/tr>\n<tr>\n<td width=\"205\">Vytauto Did\u017eiojo universitetas<\/td>\n<td width=\"180\">Asta Lap\u0117nien\u0117<\/td>\n<td width=\"231\"><a href=\"mailto:asta.lapeniene@vdu.lt\">asta.lapeniene@vdu.lt<\/a>;<\/p>\n<p>8 699 93 412<\/p>\n<p>&nbsp;<\/td>\n<\/tr>\n<tr>\n<td width=\"205\">Nacionalin\u0117 \u0161vietimo agent\u016bra<\/td>\n<td width=\"180\">Kristina Vir\u0161ulien\u0117<\/td>\n<td width=\"231\"><a href=\"mailto:kristina.virsuliene@nsa.smm.lt\">kristina.virsuliene@nsa.smm.lt<\/a>;<\/p>\n<p>8 681 48 215<\/p>\n<p>&nbsp;<\/td>\n<\/tr>\n<\/tbody>\n<\/table>\n<p>&nbsp;<\/p>\n<p>I\u0161sami informacija apie 2020\u20132021 m. m. atrank\u0105, laisv\u0173 viet\u0173 skai\u010di\u0173, pradedan\u010di\u0173j\u0173 pedagog\u0173 sta\u017euot\u0117s organizavim\u0105 ir kt. skelbiama auk\u0161t\u0173j\u0173 mokykl\u0173 interneto svetain\u0117se (arba telefonu auk\u0161\u010diau lentel\u0117je nurodytais kontaktais):<\/p>\n<p>KTU: <a href=\"https:\/\/shmmf.ktu.edu\/news\/ktu-kviecia-dalyvauti-projekto-tesk-pedagogineje-stazuoteje\/\">https:\/\/shmmf.ktu.edu\/news\/ktu-kviecia-dalyvauti-projekto-tesk-pedagogineje-stazuoteje\/<\/a>\u00a0 ;<\/p>\n<p>MRU: <a href=\"https:\/\/www.mruni.eu\/lt\/universitetas\/fakultetai\/edukologijos-ir-socialinio-darbo-institutas\/#tab_1\">https:\/\/www.mruni.eu\/lt\/universitetas\/fakultetai\/edukologijos-ir-socialinio-darbo-institutas\/#tab_1<\/a> ;<\/p>\n<p>\u0160U:\u00a0<a href=\"http:\/\/www.su.lt\/index.php?option=com_content&amp;view=article&amp;id=21799&amp;catid=477&amp;Itemid=18802&amp;lang=lt\">http:\/\/www.su.lt\/index.php?option=com_content&amp;view=article&amp;id=21799&amp;catid=477&amp;Itemid=18802&amp;lang=lt<\/a>\u00a0;<\/p>\n<p>VDU: <a href=\"https:\/\/www.vdu.lt\/lt\/vdu-kviecia-dalyvauti-projekto-tesk-pedagogineje-stazuoteje\">https:\/\/www.vdu.lt\/lt\/vdu-kviecia-dalyvauti-projekto-tesk-pedagogineje-stazuoteje<\/a>\/ ;<\/p>\n<p>ViKo:<a href=\"https:\/\/pdf.viko.lt\/projektas-tesk\/\"> https:\/\/pdf.viko.lt\/projektas-tesk\/<\/a> ;<\/p>\n<p>VU:<a href=\"https:\/\/www.fsf.vu.lt\/ugdymo-mokslu-institutas\/instituto-ivykiai#naujai-isidarbinusiems-mokytojams-pedagogine-stazuote\"> https:\/\/www.fsf.vu.lt\/ugdymo-mokslu-institutas\/instituto-ivykiai#naujai-isidarbinusiems-mokytojams-pedagogine-stazuote<\/a> .<\/p>\n<p>&nbsp;<\/p>\n<p><strong>Trumpai apie projekt\u0105 \u201eT\u0119sk\u201c<\/strong><\/p>\n<p>Projekto tikslas \u2013 pagerinti mokini\u0173 ugdymo pasiekimus, skatinant veiksmingus poky\u010dius \u0161vietimo \u012fstaig\u0173 veikloje. Prie poky\u010di\u0173 \u012fgyvendinimo prisidedama diegiant inovacijas pedagog\u0173 kvalifikacijos tobulinimo ir pasirengimo dirbti pedagogo darb\u0105 srityse.<\/p>\n<p>Projekto 2.1 veikla \u201ePedagogin\u0117s sta\u017euot\u0117s i\u0161bandymas\u201c<\/p>\n<p>Pedagogin\u0119 sta\u017euot\u0119 privaloma atlikti pirmaisiais pedagogo darbo \u0161vietimo \u012fstaigoje metais. Sta\u017euot\u0117s trukm\u0117 \u2013 vieneri mokslo metai. Sta\u017euot\u0117s tikslas \u2013 pad\u0117ti pradedan\u010diajam pedagogui pl\u0117toti ir gilinti studij\u0173 metu \u012fgytas kompetencijas, skland\u017eiai integruotis \u012f \u0161vietimo \u012fstaigos bendruomen\u0119. Siekiant \u0161io tikslo pradedan\u010diajam pedagogui u\u017etikrinama metodin\u0117 ir dalykin\u0117 pagalba. Pedagogin\u0119 sta\u017euot\u0119 bendradarbiavimo pagrindais \u012fgyvendina pradedantysis pedagogas (sta\u017euotojas), \u0161vietimo \u012fstaiga, kurioje \u012fsidarbina pedagogas, kartu su auk\u0161t\u0105ja mokykla, vykdan\u010dia pedagogikos krypties studij\u0173 programas.<\/p>\n<p>Daugiau skaitykite: Pedagog\u0173 rengimo reglamente (2018) ir Pedagog\u0173 rengimo modelio apra\u0161e (2017).<\/p>\n<p>&nbsp;<\/p>\n<p><strong>Trumpai apie \u012fgyvendintus sta\u017euot\u0117s modelio i\u0161bandymo etapus<\/strong> *<\/p>\n<p>* 2018\u20132019 m. m. pradedan\u010di\u0173j\u0173 pedagog\u0173 sta\u017euot\u0117s modelis buvo i\u0161bandomas Lietuvos bendrojo ugdymo mokyklose, \u012fgyvendinan\u010diose pradinio, pagrindinio ir vidurinio ugdymo programas.<\/p>\n<p>2019\u20132020 m. m. prie sta\u017euot\u0117s modelio i\u0161bandymo prisijung\u0117 ikimokyklinio ir prie\u0161mokyklinio ugdymo programas vykdan\u010dios \u0161vietimo \u012fstaigos, o \u012f mentoryst\u0117s procesus \u012fsijung\u0117 \u0161vietimo pagalbos specialistai.<\/p>\n<p>Per pra\u0117jusius dvejus mokslo metus, kuriant ir i\u0161bandant pedagogin\u0117s sta\u017euot\u0117s model\u012f, s\u0117kmingai dalyvavo ir sta\u017euot\u0119 baig\u0117 per 100 pradedan\u010di\u0173j\u0173 mokytoj\u0173, jiems talkino apie 100 mentori\u0173, per 50 sta\u017euot\u0117s vadov\u0173, 6-i\u0173 auk\u0161t\u0173j\u0173 mokykl\u0173 (projekto partneri\u0173: \u0160U, KTU, MRU, VDU, VU, ViKo) ekspertai. Pradedantieji pedagogai dalyvavo refleksijose, o mokykl\u0173 bendruomen\u0117s nariai \u2013 mokymuose. Mentoriai, sta\u017euo\u010di\u0173 vadovai vyko \u012f u\u017esienio sta\u017euotes, susipa\u017eino su u\u017esienio \u0161ali\u0173 patirtimi organizuojant pradedan\u010di\u0173j\u0173 pedagog\u0173 s\u0117kming\u0105 karjeros prad\u017ei\u0105.<\/p>\n<p>&nbsp;<\/p>\n<p>Projektas \u201eT\u0119sk\u201c finansuojamas i\u0161 2014\u20132020 met\u0173 Europos S\u0105jungos fond\u0173 investicij\u0173 veiksm\u0173 programos 9 prioriteto \u201eVisuomen\u0117s \u0161vietimas ir \u017emogi\u0161k\u0173j\u0173 i\u0161tekli\u0173 potencialo didinimas\u201c 09.2.1-ESFA-V-727 priemon\u0117s \u201eMokytoj\u0173 ir kit\u0173 \u0161vietimo sistemos darbuotoj\u0173 kvalifikacijos tobulinimas\u201c.<\/p>\n<p>&nbsp;<\/p>\n<p>Kristina Vir\u0161ulien\u0117<\/p>\n<p>Nacionalin\u0117s \u0161vietimo agent\u016bros<\/p>\n<p>Projekto \u201eT\u0119sk\u201c (Nr. 09.2.1-ESFA-V-727-01-0001) specialist\u0117-koordinator\u0117<\/p>\n<p>El. p. <a href=\"mailto:kristina.virsuliene@nsa.smm.lt\">kristina.virsuliene@nsa.smm.lt<\/a><\/p>\n","protected":false},"excerpt":{"rendered":"<p>Kvie\u010diame pradedan\u010diuosius pedagogus, \u012fdarbintus ikimokyklinio, prie\u0161mokyklinio, pradinio, pagrindinio ir vidurinio ugdymo programas \u012fgyvendinan\u010diose \u0161vietimo \u012fstaigose (arba ketinan\u010dius \u012fsidarbinti 2020 m. rugs\u0117jo m\u0117nes\u012f) dalyvauti projekte \u201eT\u0119sk&#8221; ir i\u0161bandyti pedagogin\u0117s sta\u017euot\u0117s model\u012f. Pedagog\u0173 rengimo reglamente (2018) numatyta, kad pedagogin\u0119 sta\u017euot\u0119 atlieka kiekvienas&nbsp;<a href=\"https:\/\/www.nsa.smsm.lt\/old\/2020\/08\/28\/pirmus-metus-dirbanciu-mokytoju-atranka-dalyvauti-pedagogineje-stazuoteje-pratesiama-iki-2020-m-rugsejo-10-d\/\" class=\"placiau\">Pla\u010diau <i class=\"fa fa-caret-right\"><\/i><\/a><\/p>\n","protected":false},"author":5,"featured_media":0,"comment_status":"open","ping_status":"open","sticky":false,"template":"","format":"standard","meta":{"_acf_changed":false,"footnotes":""},"categories":[1],"tags":[],"class_list":["post-15471","post","type-post","status-publish","format-standard","hentry","category-nacionalines-svietimo-agenturos-naujienos"],"acf":[],"_links":{"self":[{"href":"https:\/\/www.nsa.smsm.lt\/old\/wp-json\/wp\/v2\/posts\/15471","targetHints":{"allow":["GET"]}}],"collection":[{"href":"https:\/\/www.nsa.smsm.lt\/old\/wp-json\/wp\/v2\/posts"}],"about":[{"href":"https:\/\/www.nsa.smsm.lt\/old\/wp-json\/wp\/v2\/types\/post"}],"author":[{"embeddable":true,"href":"https:\/\/www.nsa.smsm.lt\/old\/wp-json\/wp\/v2\/users\/5"}],"replies":[{"embeddable":true,"href":"https:\/\/www.nsa.smsm.lt\/old\/wp-json\/wp\/v2\/comments?post=15471"}],"version-history":[{"count":0,"href":"https:\/\/www.nsa.smsm.lt\/old\/wp-json\/wp\/v2\/posts\/15471\/revisions"}],"wp:attachment":[{"href":"https:\/\/www.nsa.smsm.lt\/old\/wp-json\/wp\/v2\/media?parent=15471"}],"wp:term":[{"taxonomy":"category","embeddable":true,"href":"https:\/\/www.nsa.smsm.lt\/old\/wp-json\/wp\/v2\/categories?post=15471"},{"taxonomy":"post_tag","embeddable":true,"href":"https:\/\/www.nsa.smsm.lt\/old\/wp-json\/wp\/v2\/tags?post=15471"}],"curies":[{"name":"wp","href":"https:\/\/api.w.org\/{rel}","templated":true}]}}