{"id":12571,"date":"2020-07-03T11:06:10","date_gmt":"2020-07-03T09:06:10","guid":{"rendered":"https:\/\/www.nsa.smsm.lt\/old\/?p=12571"},"modified":"2020-07-03T11:06:10","modified_gmt":"2020-07-03T09:06:10","slug":"vytauto-didziojo-universiteto-svietimo-akademijos-mokslininku-atlikto-tyrimo-ugdymo-istaigu-tvarkymosi-su-pandemija-ir-mokyklu-izoliacija-tyrimas-mokyklu-vadovu-perspektyva-rezultat","status":"publish","type":"post","link":"https:\/\/www.nsa.smsm.lt\/old\/2020\/07\/03\/vytauto-didziojo-universiteto-svietimo-akademijos-mokslininku-atlikto-tyrimo-ugdymo-istaigu-tvarkymosi-su-pandemija-ir-mokyklu-izoliacija-tyrimas-mokyklu-vadovu-perspektyva-rezultat\/","title":{"rendered":"Vytauto Did\u017eiojo universiteto \u0160vietimo akademijos mokslinink\u0173 atlikto tyrimo \u201eUgdymo \u012fstaig\u0173 tvarkymosi su pandemija ir mokykl\u0173 izoliacija tyrimas: mokykl\u0173 vadov\u0173 perspektyva\u201c rezultatai"},"content":{"rendered":"<p>Kvie\u010diame susipa\u017einti su Vytauto Did\u017eiojo universiteto \u0160vietimo akademijos mokslinink\u0173 atliktu tyrimu \u201eUgdymo \u012fstaig\u0173 tvarkymosi su pandemija ir mokykl\u0173 izoliacija tyrimas: mokykl\u0173 vadov\u0173 perspektyva\u201c. Tyrimas buvo skirtas \u012fvertinti, kaip mokyklos, j\u0173 vadovai dirbo COVID-19 pandemijos s\u0105lygomis. Apklausta 17 profesini\u0173 mokykl\u0173 vadov\u0173 ir 388 bendrojo ugdymo mokykl\u0173 direktori\u0173 vadovaujan\u010di\u0173 gimnazijoms, progimnazijoms, pagrindin\u0117ms, pradin\u0117ms ir kitoms mokykloms.\u00a0Tyrim\u0105 vykdo Liublijanos (Slov\u0117nija) ir Vytauto Did\u017eiojo (Lietuva) universiteto \u0160vietimo akademijos mokslininkai.<strong>\u00a0<\/strong><\/p>\n<p><a href=\"https:\/\/www.vdu.lt\/lt\/vdu-mokslininku-tyrimas-lietuvos-mokyklos-karantino-egzamina-islaike\/\">Pla\u010diau<\/a><strong>\u00a0<\/strong><\/p>\n","protected":false},"excerpt":{"rendered":"<p>Kvie\u010diame susipa\u017einti su Vytauto Did\u017eiojo universiteto \u0160vietimo akademijos mokslinink\u0173 atliktu tyrimu \u201eUgdymo \u012fstaig\u0173 tvarkymosi su pandemija ir mokykl\u0173 izoliacija tyrimas: mokykl\u0173 vadov\u0173 perspektyva\u201c. Tyrimas buvo skirtas \u012fvertinti, kaip mokyklos, j\u0173 vadovai dirbo COVID-19 pandemijos s\u0105lygomis. Apklausta 17 profesini\u0173 mokykl\u0173 vadov\u0173&nbsp;<a href=\"https:\/\/www.nsa.smsm.lt\/old\/2020\/07\/03\/vytauto-didziojo-universiteto-svietimo-akademijos-mokslininku-atlikto-tyrimo-ugdymo-istaigu-tvarkymosi-su-pandemija-ir-mokyklu-izoliacija-tyrimas-mokyklu-vadovu-perspektyva-rezultat\/\" class=\"placiau\">Pla\u010diau <i class=\"fa fa-caret-right\"><\/i><\/a><\/p>\n","protected":false},"author":1,"featured_media":0,"comment_status":"open","ping_status":"open","sticky":false,"template":"","format":"standard","meta":{"_acf_changed":false,"footnotes":""},"categories":[1],"tags":[],"class_list":["post-12571","post","type-post","status-publish","format-standard","hentry","category-nacionalines-svietimo-agenturos-naujienos"],"acf":[],"_links":{"self":[{"href":"https:\/\/www.nsa.smsm.lt\/old\/wp-json\/wp\/v2\/posts\/12571","targetHints":{"allow":["GET"]}}],"collection":[{"href":"https:\/\/www.nsa.smsm.lt\/old\/wp-json\/wp\/v2\/posts"}],"about":[{"href":"https:\/\/www.nsa.smsm.lt\/old\/wp-json\/wp\/v2\/types\/post"}],"author":[{"embeddable":true,"href":"https:\/\/www.nsa.smsm.lt\/old\/wp-json\/wp\/v2\/users\/1"}],"replies":[{"embeddable":true,"href":"https:\/\/www.nsa.smsm.lt\/old\/wp-json\/wp\/v2\/comments?post=12571"}],"version-history":[{"count":0,"href":"https:\/\/www.nsa.smsm.lt\/old\/wp-json\/wp\/v2\/posts\/12571\/revisions"}],"wp:attachment":[{"href":"https:\/\/www.nsa.smsm.lt\/old\/wp-json\/wp\/v2\/media?parent=12571"}],"wp:term":[{"taxonomy":"category","embeddable":true,"href":"https:\/\/www.nsa.smsm.lt\/old\/wp-json\/wp\/v2\/categories?post=12571"},{"taxonomy":"post_tag","embeddable":true,"href":"https:\/\/www.nsa.smsm.lt\/old\/wp-json\/wp\/v2\/tags?post=12571"}],"curies":[{"name":"wp","href":"https:\/\/api.w.org\/{rel}","templated":true}]}}