{"id":12518,"date":"2020-06-29T18:26:14","date_gmt":"2020-06-29T16:26:14","guid":{"rendered":"https:\/\/www.nsa.smsm.lt\/old\/?p=12518"},"modified":"2020-06-29T18:26:14","modified_gmt":"2020-06-29T16:26:14","slug":"keiciasi-pretendentu-i-svietimo-istaigu-vadovus-kompetenciju-arba-jam-prilyginto-vertinimo-bei-konkursu-valstybiniu-ir-savivaldybiu-svietimo-istaigu-vadovu-pareigoms-eiti-vykdymo-tvarka","status":"publish","type":"post","link":"https:\/\/www.nsa.smsm.lt\/old\/2020\/06\/29\/keiciasi-pretendentu-i-svietimo-istaigu-vadovus-kompetenciju-arba-jam-prilyginto-vertinimo-bei-konkursu-valstybiniu-ir-savivaldybiu-svietimo-istaigu-vadovu-pareigoms-eiti-vykdymo-tvarka\/","title":{"rendered":"Kei\u010diasi pretendent\u0173 \u012f \u0161vietimo \u012fstaig\u0173 vadovus kompetencij\u0173 arba jam prilyginto vertinimo bei konkurs\u0173 valstybini\u0173 ir savivaldybi\u0173 \u0161vietimo \u012fstaig\u0173 vadov\u0173 pareigoms eiti vykdymo tvarka"},"content":{"rendered":"<p>Informuojame, kad Lietuvos Respublikos \u0161vietimo, mokslo ir sporto ministro 2020 m. gegu\u017e\u0117s 15 d. \u012fsakymu Nr. V-727 pakeistos Kvalifikacini\u0173 reikalavim\u0173 valstybini\u0173 ir savivaldybi\u0173 \u0161vietimo \u012fstaig\u0173 (i\u0161skyrus auk\u0161t\u0105sias mokyklas) vadovams apra\u0161o kai kurios nuostatos bei \u0161io apra\u0161o priedas i\u0161d\u0117stytas nauja redakcija. <strong>\u0160is \u012fsakymas \u012fsigalioja 2020 m. liepos 1 d. <\/strong><\/p>\n<p>Atkreipiame d\u0117mes\u012f, jog jei pra\u0161ymas \u012fvertinti kompetencijas ar atlikti prilygint\u0105 kompetencij\u0173 vertinim\u0105 yra pateiktas iki \u0161io \u012fsakymo \u012fsigaliojimo datos arba asmuo yra pateik\u0119s pra\u0161ym\u0105 dalyvauti konkurse \u0161vietimo \u012fstaigos vadovo pareigoms eiti, kuris yra paskelbtas iki 2020 m. liepos 1 d., kompetencij\u0173 arba jam prilygintas vertinimas vykdomas pagal iki \u0161io \u012fsakymo \u012fsigaliojimo galiojusias nuostatas.<\/p>\n<p>Nauja \u012fsakymo V-1194 suvestin\u0117 redakcija nuo 2020-07-01:<br \/>\n<a href=\"https:\/\/www.e-tar.lt\/portal\/lt\/legalAct\/TAR.EE75CCBEC71F\/VXEDaVpldy\">https:\/\/www.e-tar.lt\/portal\/lt\/legalAct\/TAR.EE75CCBEC71F\/VXEDaVpldy<\/a><\/p>\n<p>Lietuvos Respublikos \u0161vietimo, mokslo ir sporto ministro 2020 m. gegu\u017e\u0117s 14 d. \u012fsakymu Nr. V-719 taip pat kei\u010diamas Lietuvos Respublikos \u0161vietimo ir mokslo ministro 2011 m. liepos 1 d. \u012fsakymas Nr. V-1193 \u201eD\u0117l Konkurso valstybini\u0173 ir savivaldybi\u0173 \u0161vietimo \u012fstaig\u0173 (i\u0161skyrus auk\u0161t\u0105sias mokyklas) vadov\u0173 pareigoms eiti tvarkos apra\u0161o patvirtinimo\u201c. \u012esakymas \u012fsigalioja 2020 m. liepos 1 d. Iki \u0161io \u012fsakymo \u012fsigaliojimo paskelbti konkursai valstybini\u0173 ir savivaldybi\u0173 \u0161vietimo \u012fstaig\u0173 (i\u0161skyrus auk\u0161t\u0105sias mokyklas) vadov\u0173 pareigoms eiti vykdomi iki \u0161io \u012fsakymo \u012fsigaliojimo galiojusia tvarka.<\/p>\n<p>Nauja \u012fsakymo V-1193 suvestin\u0117 redakcija nuo 2020-07-01:<br \/>\n<a href=\"https:\/\/www.e-tar.lt\/portal\/lt\/legalAct\/TAR.D1079D93ABC7\/NUzGAMPzhJ\">https:\/\/www.e-tar.lt\/portal\/lt\/legalAct\/TAR.D1079D93ABC7\/NUzGAMPzhJ<\/a><\/p>\n<p>Snieguol\u0117 Dinapien\u0117<br \/>\nNacionalin\u0117s \u0161vietimo agent\u016bros<br \/>\nSteb\u0117senos ir vertinimo departamento<br \/>\nVertinimo skyriaus metodinink\u0117<br \/>\nEl. p.\u00a0<a href=\"mailto:Snieguole.Dinapiene@nsa.smm.lt\">Snieguole.Dinapiene@nsa.smm.lt<\/a><\/p>\n","protected":false},"excerpt":{"rendered":"<p>Informuojame, kad Lietuvos Respublikos \u0161vietimo, mokslo ir sporto ministro 2020 m. gegu\u017e\u0117s 15 d. \u012fsakymu Nr. V-727 pakeistos Kvalifikacini\u0173 reikalavim\u0173 valstybini\u0173 ir savivaldybi\u0173 \u0161vietimo \u012fstaig\u0173 (i\u0161skyrus auk\u0161t\u0105sias mokyklas) vadovams apra\u0161o kai kurios nuostatos bei \u0161io apra\u0161o priedas i\u0161d\u0117stytas nauja redakcija.&nbsp;<a href=\"https:\/\/www.nsa.smsm.lt\/old\/2020\/06\/29\/keiciasi-pretendentu-i-svietimo-istaigu-vadovus-kompetenciju-arba-jam-prilyginto-vertinimo-bei-konkursu-valstybiniu-ir-savivaldybiu-svietimo-istaigu-vadovu-pareigoms-eiti-vykdymo-tvarka\/\" class=\"placiau\">Pla\u010diau <i class=\"fa fa-caret-right\"><\/i><\/a><\/p>\n","protected":false},"author":1,"featured_media":0,"comment_status":"open","ping_status":"open","sticky":false,"template":"","format":"standard","meta":{"_acf_changed":false,"footnotes":""},"categories":[1],"tags":[],"class_list":["post-12518","post","type-post","status-publish","format-standard","hentry","category-nacionalines-svietimo-agenturos-naujienos"],"acf":[],"_links":{"self":[{"href":"https:\/\/www.nsa.smsm.lt\/old\/wp-json\/wp\/v2\/posts\/12518","targetHints":{"allow":["GET"]}}],"collection":[{"href":"https:\/\/www.nsa.smsm.lt\/old\/wp-json\/wp\/v2\/posts"}],"about":[{"href":"https:\/\/www.nsa.smsm.lt\/old\/wp-json\/wp\/v2\/types\/post"}],"author":[{"embeddable":true,"href":"https:\/\/www.nsa.smsm.lt\/old\/wp-json\/wp\/v2\/users\/1"}],"replies":[{"embeddable":true,"href":"https:\/\/www.nsa.smsm.lt\/old\/wp-json\/wp\/v2\/comments?post=12518"}],"version-history":[{"count":0,"href":"https:\/\/www.nsa.smsm.lt\/old\/wp-json\/wp\/v2\/posts\/12518\/revisions"}],"wp:attachment":[{"href":"https:\/\/www.nsa.smsm.lt\/old\/wp-json\/wp\/v2\/media?parent=12518"}],"wp:term":[{"taxonomy":"category","embeddable":true,"href":"https:\/\/www.nsa.smsm.lt\/old\/wp-json\/wp\/v2\/categories?post=12518"},{"taxonomy":"post_tag","embeddable":true,"href":"https:\/\/www.nsa.smsm.lt\/old\/wp-json\/wp\/v2\/tags?post=12518"}],"curies":[{"name":"wp","href":"https:\/\/api.w.org\/{rel}","templated":true}]}}