{"id":12513,"date":"2020-06-29T14:33:35","date_gmt":"2020-06-29T12:33:35","guid":{"rendered":"https:\/\/www.nsa.smsm.lt\/old\/?p=12513"},"modified":"2021-09-13T08:48:28","modified_gmt":"2021-09-13T06:48:28","slug":"kvieciame-mokyklu-vadovus-svietimo-ekspertus-dalyvauti-projekte-parama-mokyklu-vadovams-ugdymo-turinio-reformos-lietuvoje-lyderiams","status":"publish","type":"post","link":"https:\/\/www.nsa.smsm.lt\/old\/2020\/06\/29\/kvieciame-mokyklu-vadovus-svietimo-ekspertus-dalyvauti-projekte-parama-mokyklu-vadovams-ugdymo-turinio-reformos-lietuvoje-lyderiams\/","title":{"rendered":"Kvie\u010diame mokykl\u0173 vadovus, \u0161vietimo ekspertus dalyvauti projekte \u201eParama mokykl\u0173 vadovams, ugdymo turinio reformos Lietuvoje lyderiams\u201c"},"content":{"rendered":"<p><img loading=\"lazy\" decoding=\"async\" class=\"alignnone wp-image-25309\" src=\"https:\/\/www.nsa.smsm.lt\/old\/old\/wp-content\/uploads\/2020\/06\/logotipai-300x67.jpg\" alt=\"\" width=\"654\" height=\"146\" srcset=\"https:\/\/www.nsa.smsm.lt\/old\/wp-content\/uploads\/2020\/06\/logotipai-300x67.jpg 300w, https:\/\/www.nsa.smsm.lt\/old\/wp-content\/uploads\/2020\/06\/logotipai-1024x230.jpg 1024w, https:\/\/www.nsa.smsm.lt\/old\/wp-content\/uploads\/2020\/06\/logotipai-768x172.jpg 768w, https:\/\/www.nsa.smsm.lt\/old\/wp-content\/uploads\/2020\/06\/logotipai.jpg 1140w\" sizes=\"auto, (max-width: 654px) 100vw, 654px\" \/><\/p>\n<p><strong>Gerbiami mokykl\u0173 vadovai,<\/strong> <strong>\u0161vietimo ekspertai,<\/strong><br \/>\nkvie\u010diame Jus teikti parai\u0161kas dalyvauti \u0160vietimo, mokslo ir sporto ministerijos parengtame, drauge su Nacionaline \u0161vietimo agent\u016bra \u012fgyvendinamame, Europos Komisijos ir Brit\u0173 Tarybos remiamame dvej\u0173 met\u0173 (2020\u20132022 m.) trukm\u0117s projekte \u201eParama mokykl\u0173 vadovams, ugdymo turinio reformos Lietuvoje lyderiams\u201c.<\/p>\n<p>Projekto tikslas \u2013 pasirengti atnaujinto ugdymo turinio \u012fgyvendinimui, ypa\u010d daug d\u0117mesio skiriant mokykl\u0173 vadovams. Projekto veiklomis siekiama keisti mokyklos vadovavimo model\u012f perkeliant prioritet\u0105 nuo infrastukt\u016bros valdymo \u012f ugdymo turinio vadyb\u0105.<\/p>\n<p>Projekto metu vyks mokymai. Konsultuojant ES ekspertams, bus rengiamos mokymo programos, sukurtas ir i\u0161bandytas naujo ugdymo turinio diegimo vadybos steb\u0117senos modelis ir \u012fsivertinimo \u012frankiai, kuriais v\u0117liau gal\u0117s pasinaudoti visi Lietuvos mokykl\u0173 vadovai. Per pirmuosius projekto metus parengti mokymo ir mokymosi lyderiai antraisiais projekto metais rengs ir ugdys gausesn\u012f mokymo ir mokymosi lyderi\u0173 b\u016br\u012f.<\/p>\n<p><strong>REIKALAVIMAI PARAI\u0160K\u0172 TEIK\u0116JAMS:<\/strong><\/p>\n<ol>\n<li>\u012esipareigojimas dalyvauti mokymuose ir suplanuotose veiklose pirmaisiais (2020\u20132021 m.) ir antraisiais (2021\u20132022 m.) projekto \u012fgyvendinimo metais.<\/li>\n<li>\u012esipareigojimas pasibaigus projektui konsultuoti kitus mokykl\u0173 vadovus \u012fgyvendinant atnaujint\u0105 ugdymo turin\u012f.<\/li>\n<li>Angl\u0173 kalbos mok\u0117jimas (ne \u017eemesnis kaip B2 lygis).<\/li>\n<\/ol>\n<p><strong>REIKIAMI DOKUMENTAI:<\/strong><\/p>\n<ol>\n<li>Pra\u0161ymas dalyvauti projekte.<\/li>\n<li>Pretendento CV ir motyvacinis lai\u0161kas d\u0117l dalyvavimo projekte.<\/li>\n<\/ol>\n<p>CV pra\u0161ytume nurodyti rengt\u0173 (dalyvaujant rengime) ir (ar)\u00a0d\u0117styt\u0173 mokymo program\u0173 skai\u010di\u0173. Nurodykite kiekvienos programos rengimo metus, auditorij\u0105, kuriai jos skirtos, ir lygmen\u012f (tarptautinis, nacionalinis, regiono ar mokyklos).<\/p>\n<ol>\n<li>Dokumentas, patvirtinantis angl\u0173 kalbos mok\u0117jimo lyg\u012f.<\/li>\n<li>Savivaldyb\u0117s \u0160vietimo skyriaus ar \u0160vietimo centro rekomendacija (tai ne prievol\u0117, bet privalumas).<\/li>\n<\/ol>\n<p><strong>\u00a0<\/strong><\/p>\n<p><strong>PARAI\u0160K\u0172 PRI\u0116MIMAS: <\/strong><\/p>\n<p>J\u016bs\u0173 parai\u0161k\u0173 laukiame <strong>nuo 2020 m. liepos 1 d. iki liepos 15 d.<\/strong><\/p>\n<p><u>Skenuotus dokumentus<\/u> pra\u0161ome si\u0173sti \u0161iuo el. pa\u0161tu <a href=\"mailto:migla.pinkeviciene@nsa.smm.lt\">migla.pinkeviciene@nsa.smm.lt<\/a>.<\/p>\n<p><strong>KANDIDAT\u0172 ATRANKA:<\/strong><\/p>\n<p>Atranka vyks <strong>iki 2020 m. liepos 31 d.<\/strong> Atrankos kriterijus atitik\u0119 parai\u0161k\u0173 teik\u0117jai bus informuoti asmeni\u0161kai.<\/p>\n<p><strong>TRUMPAI APIE PROJEKTO EIG\u0104:<\/strong><\/p>\n<p><strong>Pirmaisiais projekto metais<\/strong> kvie\u010diami dalyvauti <strong>30 \u0161vietimo specialist\u0173 (20 mokykl\u0173 vadov\u0173, 5<\/strong> <strong>mokykl\u0173 vadov\u0173 pavaduotojai<\/strong>, <strong>5 kit\u0173 \u0161vietimo sri\u010di\u0173 specialistai<\/strong>: pedagog\u0173 rengimo centr\u0173 specialistai, tyr\u0117jai ir pan.). Jie dalyvaus a\u0161tuoniuose kas m\u0117nes\u012f rengiamuose dviej\u0173 dien\u0173 trukm\u0117s mokymuose, \u2013 mokysis mokymo ir mokymosi lyderyst\u0117s, taikyti jos metodus, pad\u0117sian\u010dius mokyklos darbuotojams \u012fgyvendinti nauj\u0105j\u012f ugdymo turin\u012f, drauge su tarptautiniais ekspertais rengs mokomosios med\u017eiagos paket\u0105, kuriuo v\u0117liau bus galima naudotis visose Lietuvos mokyklose. Atrinkti specialistai mokysis, kaip kurti savo mokyklose strategin\u0119 vizij\u0105 ir krypt\u012f, kaip vadovauti ir valdyti poky\u010dius, planuoti, vykdyti steb\u0117sen\u0105 ir atlikti vertinim\u0105, rengti kitus \u0161vietimo specialistus tapti mokymo ir mokymosi \u00a0lyderiais. Atrinkta grup\u0117 dalyvaus savait\u0117s trukm\u0117s mokomojoje i\u0161vykoje \u012f Vels\u0105 (Jungtin\u0117 Karalyst\u0117). Velse lankysis mokyklose ir kitose \u0161vietimo sistemos institucijose, susipa\u017eins su j\u0173 veikla (Pastaba: d\u0117l situacijos, susijusios su koronavirusu (COVID-19), atsi\u017evelgiant \u012f Lietuvos Respublikos ir Jungtin\u0117s Karalyst\u0117s Sveikatos ministerij\u0173 rekomendacijas d\u0117l tarptautini\u0173 kelioni\u0173 ir rengini\u0173 organizavimo, galimi tam tikri organizaciniai pakeitimai).<\/p>\n<p>Bandomosios grup\u0117s nariai, per pirmuosius projekto metus meistri\u0161kai \u012fvald\u0119 mokymo ir mokymosi lyderyst\u0117s ir fasilitavimo (vadovavimo) geb\u0117jimus, <strong>antraisiais metais<\/strong> rengs kitus mokykl\u0173 vadovus.<\/p>\n<p>Kvie\u010diame teikti parai\u0161kas tuos mokykl\u0173 vadovus, kurie priims i\u0161\u0161\u016bk\u012f, tvirtai apsispr\u0119s ir gal\u0117s \u012fsipareigoti dalyvauti profesinio tobulinimo programoje, siekdami visos Lietuvos \u0161vietimui svarbi\u0173 tiksl\u0173, pasikliauti savo mokykl\u0173 kolegomis, gauti savo savivaldybi\u0173 param\u0105, nes per dvejus projekto \u012fgyvendinimo metus tokiam \u012fsipareigojimui reik\u0117s skirti nema\u017eai laiko: per pirmuosius metus \u2013 16 dien\u0173 mokymams, savait\u0117s mokymo i\u0161vykai \u012f Vels\u0105; per antruosius metus \u2013 apytikriai 15\u201320 dien\u0173 kit\u0173 vadov\u0173 mokymui.<\/p>\n<p><em>I\u0161samesn\u0117 informacija apie projekt\u0105 \u2013 <a href=\"https:\/\/www.nsa.smsm.lt\/old\/old\/wp-content\/uploads\/2020\/06\/2020-06-29-Trumpa-informacija-apie-projekta.pdf\">prisegtoje trumpoje informacijoje apie projekt\u0105<\/a>. <\/em><\/p>\n","protected":false},"excerpt":{"rendered":"<p>Gerbiami mokykl\u0173 vadovai, \u0161vietimo ekspertai, kvie\u010diame Jus teikti parai\u0161kas dalyvauti \u0160vietimo, mokslo ir sporto ministerijos parengtame, drauge su Nacionaline \u0161vietimo agent\u016bra \u012fgyvendinamame, Europos Komisijos ir Brit\u0173 Tarybos remiamame dvej\u0173 met\u0173 (2020\u20132022 m.) trukm\u0117s projekte \u201eParama mokykl\u0173 vadovams, ugdymo turinio reformos&nbsp;<a href=\"https:\/\/www.nsa.smsm.lt\/old\/2020\/06\/29\/kvieciame-mokyklu-vadovus-svietimo-ekspertus-dalyvauti-projekte-parama-mokyklu-vadovams-ugdymo-turinio-reformos-lietuvoje-lyderiams\/\" class=\"placiau\">Pla\u010diau <i class=\"fa fa-caret-right\"><\/i><\/a><\/p>\n","protected":false},"author":1,"featured_media":0,"comment_status":"open","ping_status":"open","sticky":false,"template":"","format":"standard","meta":{"_acf_changed":false,"footnotes":""},"categories":[1],"tags":[],"class_list":["post-12513","post","type-post","status-publish","format-standard","hentry","category-nacionalines-svietimo-agenturos-naujienos"],"acf":[],"_links":{"self":[{"href":"https:\/\/www.nsa.smsm.lt\/old\/wp-json\/wp\/v2\/posts\/12513","targetHints":{"allow":["GET"]}}],"collection":[{"href":"https:\/\/www.nsa.smsm.lt\/old\/wp-json\/wp\/v2\/posts"}],"about":[{"href":"https:\/\/www.nsa.smsm.lt\/old\/wp-json\/wp\/v2\/types\/post"}],"author":[{"embeddable":true,"href":"https:\/\/www.nsa.smsm.lt\/old\/wp-json\/wp\/v2\/users\/1"}],"replies":[{"embeddable":true,"href":"https:\/\/www.nsa.smsm.lt\/old\/wp-json\/wp\/v2\/comments?post=12513"}],"version-history":[{"count":0,"href":"https:\/\/www.nsa.smsm.lt\/old\/wp-json\/wp\/v2\/posts\/12513\/revisions"}],"wp:attachment":[{"href":"https:\/\/www.nsa.smsm.lt\/old\/wp-json\/wp\/v2\/media?parent=12513"}],"wp:term":[{"taxonomy":"category","embeddable":true,"href":"https:\/\/www.nsa.smsm.lt\/old\/wp-json\/wp\/v2\/categories?post=12513"},{"taxonomy":"post_tag","embeddable":true,"href":"https:\/\/www.nsa.smsm.lt\/old\/wp-json\/wp\/v2\/tags?post=12513"}],"curies":[{"name":"wp","href":"https:\/\/api.w.org\/{rel}","templated":true}]}}