{"id":12463,"date":"2020-06-23T10:26:36","date_gmt":"2020-06-23T08:26:36","guid":{"rendered":"https:\/\/www.nsa.smsm.lt\/old\/?p=12463"},"modified":"2020-06-23T10:32:35","modified_gmt":"2020-06-23T08:32:35","slug":"lietuvos-kurciuju-ir-neprigirdinciuju-ugdymo-centras-parenge-atmintines-mokytojams-ir-tevams","status":"publish","type":"post","link":"https:\/\/www.nsa.smsm.lt\/old\/2020\/06\/23\/lietuvos-kurciuju-ir-neprigirdinciuju-ugdymo-centras-parenge-atmintines-mokytojams-ir-tevams\/","title":{"rendered":"Lietuvos kur\u010di\u0173j\u0173 ir neprigirdin\u010di\u0173j\u0173 ugdymo centras pareng\u0117 atmintines mokytojams ir t\u0117vams"},"content":{"rendered":"<p><a href=\"http:\/\/www.deafcenter.lt\/lietuvos-kurciuju-ir-neprigirdinciuju-ugdymo-centras-parenge-atmintines-mokytojams-ir-tevams\/\">Lietuvos kur\u010di\u0173j\u0173 ir neprigirdin\u010di\u0173j\u0173 ugdymo centras pareng\u0117 atmintines<\/a> mokytojams, ugdantiems mokinius, turin\u010dius klausos sutrikim\u0173 ir tokius vaikus auginantiems t\u0117vams.<\/p>\n<ul>\n<li><a href=\"http:\/\/www.deafcenter.lt\/wp-content\/uploads\/2020\/06\/ATMINTIN\u0116-MOKYTOJAMS.docx\">Mokytojams skirta atmintin\u0117<\/a><\/li>\n<li><a href=\"http:\/\/www.deafcenter.lt\/wp-content\/uploads\/2020\/06\/ATMINTIN\u0116-T\u0116VAMS.docx\">T\u0117vams skirta atmintin\u0117<\/a><\/li>\n<\/ul>\n<p>Veiklos yra Nacionalin\u0117s \u0161vietimo agent\u016bros vykdomo projekto \u201e\u012etraukiojo ugdymo galimybi\u0173 pl\u0117tra, I etapas\u201c (Nr. 09.2.2-ESFA-V-707-03-0001) dalis<\/p>\n","protected":false},"excerpt":{"rendered":"<p>Lietuvos kur\u010di\u0173j\u0173 ir neprigirdin\u010di\u0173j\u0173 ugdymo centras pareng\u0117 atmintines mokytojams, ugdantiems mokinius, turin\u010dius klausos sutrikim\u0173 ir tokius vaikus auginantiems t\u0117vams.<\/p>\n","protected":false},"author":1,"featured_media":0,"comment_status":"open","ping_status":"open","sticky":false,"template":"","format":"standard","meta":{"_acf_changed":false,"footnotes":""},"categories":[1],"tags":[],"class_list":["post-12463","post","type-post","status-publish","format-standard","hentry","category-nacionalines-svietimo-agenturos-naujienos"],"acf":[],"_links":{"self":[{"href":"https:\/\/www.nsa.smsm.lt\/old\/wp-json\/wp\/v2\/posts\/12463","targetHints":{"allow":["GET"]}}],"collection":[{"href":"https:\/\/www.nsa.smsm.lt\/old\/wp-json\/wp\/v2\/posts"}],"about":[{"href":"https:\/\/www.nsa.smsm.lt\/old\/wp-json\/wp\/v2\/types\/post"}],"author":[{"embeddable":true,"href":"https:\/\/www.nsa.smsm.lt\/old\/wp-json\/wp\/v2\/users\/1"}],"replies":[{"embeddable":true,"href":"https:\/\/www.nsa.smsm.lt\/old\/wp-json\/wp\/v2\/comments?post=12463"}],"version-history":[{"count":0,"href":"https:\/\/www.nsa.smsm.lt\/old\/wp-json\/wp\/v2\/posts\/12463\/revisions"}],"wp:attachment":[{"href":"https:\/\/www.nsa.smsm.lt\/old\/wp-json\/wp\/v2\/media?parent=12463"}],"wp:term":[{"taxonomy":"category","embeddable":true,"href":"https:\/\/www.nsa.smsm.lt\/old\/wp-json\/wp\/v2\/categories?post=12463"},{"taxonomy":"post_tag","embeddable":true,"href":"https:\/\/www.nsa.smsm.lt\/old\/wp-json\/wp\/v2\/tags?post=12463"}],"curies":[{"name":"wp","href":"https:\/\/api.w.org\/{rel}","templated":true}]}}