{"id":12455,"date":"2020-06-22T14:26:25","date_gmt":"2020-06-22T12:26:25","guid":{"rendered":"https:\/\/www.nsa.smsm.lt\/old\/?p=12455"},"modified":"2020-06-22T15:03:28","modified_gmt":"2020-06-22T13:03:28","slug":"ivyks-konferencija-kalbu-mokymosi-teorija-ir-praktika-2020-integruotas-kompetenciju-ugdymas","status":"publish","type":"post","link":"https:\/\/www.nsa.smsm.lt\/old\/2020\/06\/22\/ivyks-konferencija-kalbu-mokymosi-teorija-ir-praktika-2020-integruotas-kompetenciju-ugdymas\/","title":{"rendered":"\u012evyks konferencija \u201eKalb\u0173 mokymo(si) teorija ir praktika 2020: Integruotas kompetencij\u0173 ugdymas\u201c"},"content":{"rendered":"<p>Vilniaus universiteto Filologijos fakultetas ir Lietuvos u\u017esienio kalb\u0173 (angl\u0173, pranc\u016bz\u0173, rus\u0173, vokie\u010di\u0173) pedagog\u0173 asociacijos kvie\u010dia \u012f nacionalin\u0119 konferencij\u0105 \u0161. m. spalio m\u0117n. 23\u201324 d.\u00a0\u201eKalb\u0173 mokymo(si) teorija ir praktika 2020: Integruotas kompetencij\u0173 ugdymas\u201c.<\/p>\n<p>Konferencijos tikslai \u2013 skatinti u\u017esienio kalb\u0173 mokytoj\u0173 ir mokslinink\u0173 bendradarbiavim\u0105; pasidalinti mokslini\u0173 tyrim\u0173 \u012f\u017evalgomis ir praktine patirtimi integruoto kompetencij\u0173 ugdymo tema; aptarti Bendr\u0173j\u0173 ugdymo program\u0173 atnaujinimo ir u\u017esienio kalb\u0173 mokymosi kokyb\u0117s gerinimo klausimus. <a href=\"http:\/\/www.lakmaonline.lt\/\">Pla\u010diau<\/a><\/p>\n<p>Giedr\u0117 \u010ciapien\u0117<br \/>\nNacionalin\u0117s \u0161vietimo agent\u016bros<br \/>\n\u0160vietimo pagalbos departamento<br \/>\nKvalifikacijos tobulinimo skyriaus metodinink\u0117<br \/>\nEl. p.\u00a0<a href=\"mailto:Giedre.Ciapiene@nsa.smm.lt\"><u>Giedre.Ciapiene@nsa.smm.lt<\/u><\/a><\/p>\n","protected":false},"excerpt":{"rendered":"<p>Vilniaus universiteto Filologijos fakultetas ir Lietuvos u\u017esienio kalb\u0173 (angl\u0173, pranc\u016bz\u0173, rus\u0173, vokie\u010di\u0173) pedagog\u0173 asociacijos kvie\u010dia \u012f nacionalin\u0119 konferencij\u0105 \u0161. m. spalio m\u0117n. 23\u201324 d.\u00a0\u201eKalb\u0173 mokymo(si) teorija ir praktika 2020: Integruotas kompetencij\u0173 ugdymas\u201c. Konferencijos tikslai \u2013 skatinti u\u017esienio kalb\u0173 mokytoj\u0173 ir&nbsp;<a href=\"https:\/\/www.nsa.smsm.lt\/old\/2020\/06\/22\/ivyks-konferencija-kalbu-mokymosi-teorija-ir-praktika-2020-integruotas-kompetenciju-ugdymas\/\" class=\"placiau\">Pla\u010diau <i class=\"fa fa-caret-right\"><\/i><\/a><\/p>\n","protected":false},"author":1,"featured_media":0,"comment_status":"open","ping_status":"open","sticky":false,"template":"","format":"standard","meta":{"_acf_changed":false,"footnotes":""},"categories":[1],"tags":[],"class_list":["post-12455","post","type-post","status-publish","format-standard","hentry","category-nacionalines-svietimo-agenturos-naujienos"],"acf":[],"_links":{"self":[{"href":"https:\/\/www.nsa.smsm.lt\/old\/wp-json\/wp\/v2\/posts\/12455","targetHints":{"allow":["GET"]}}],"collection":[{"href":"https:\/\/www.nsa.smsm.lt\/old\/wp-json\/wp\/v2\/posts"}],"about":[{"href":"https:\/\/www.nsa.smsm.lt\/old\/wp-json\/wp\/v2\/types\/post"}],"author":[{"embeddable":true,"href":"https:\/\/www.nsa.smsm.lt\/old\/wp-json\/wp\/v2\/users\/1"}],"replies":[{"embeddable":true,"href":"https:\/\/www.nsa.smsm.lt\/old\/wp-json\/wp\/v2\/comments?post=12455"}],"version-history":[{"count":0,"href":"https:\/\/www.nsa.smsm.lt\/old\/wp-json\/wp\/v2\/posts\/12455\/revisions"}],"wp:attachment":[{"href":"https:\/\/www.nsa.smsm.lt\/old\/wp-json\/wp\/v2\/media?parent=12455"}],"wp:term":[{"taxonomy":"category","embeddable":true,"href":"https:\/\/www.nsa.smsm.lt\/old\/wp-json\/wp\/v2\/categories?post=12455"},{"taxonomy":"post_tag","embeddable":true,"href":"https:\/\/www.nsa.smsm.lt\/old\/wp-json\/wp\/v2\/tags?post=12455"}],"curies":[{"name":"wp","href":"https:\/\/api.w.org\/{rel}","templated":true}]}}