{"id":12442,"date":"2020-06-18T18:43:33","date_gmt":"2020-06-18T16:43:33","guid":{"rendered":"https:\/\/www.nsa.smsm.lt\/old\/?p=12442"},"modified":"2020-06-18T22:49:05","modified_gmt":"2020-06-18T20:49:05","slug":"kvieciame-i-tarptautine-vaizdo-konferencija-media-lab-projekto-gerosios-patirties-sklaida","status":"publish","type":"post","link":"https:\/\/www.nsa.smsm.lt\/old\/2020\/06\/18\/kvieciame-i-tarptautine-vaizdo-konferencija-media-lab-projekto-gerosios-patirties-sklaida\/","title":{"rendered":"Kvie\u010diame \u012f tarptautin\u0119 vaizdo konferencij\u0105 \u201eMedia Lab\u201c projekto gerosios patirties sklaida\u201c"},"content":{"rendered":"<p><img loading=\"lazy\" decoding=\"async\" class=\"alignleft wp-image-12443\" src=\"https:\/\/www.nsa.smsm.lt\/old\/old\/wp-content\/uploads\/2020\/06\/Media-Lab_EN-NSA-2020-1024x576.png\" alt=\"\" width=\"363\" height=\"204\" srcset=\"https:\/\/www.nsa.smsm.lt\/old\/wp-content\/uploads\/2020\/06\/Media-Lab_EN-NSA-2020-1024x576.png 1024w, https:\/\/www.nsa.smsm.lt\/old\/wp-content\/uploads\/2020\/06\/Media-Lab_EN-NSA-2020-300x169.png 300w, https:\/\/www.nsa.smsm.lt\/old\/wp-content\/uploads\/2020\/06\/Media-Lab_EN-NSA-2020-768x432.png 768w, https:\/\/www.nsa.smsm.lt\/old\/wp-content\/uploads\/2020\/06\/Media-Lab_EN-NSA-2020-1536x864.png 1536w, https:\/\/www.nsa.smsm.lt\/old\/wp-content\/uploads\/2020\/06\/Media-Lab_EN-NSA-2020.png 1920w\" sizes=\"auto, (max-width: 363px) 100vw, 363px\" \/>Kvie\u010diame \u0161vietimo politikos formuotojus, mokytojus ir medij\u0173 ra\u0161tingumo tematika susidom\u0117jusius specialistus, dirban\u010dius jaunimo \u0161vietimo srityje, <strong>2020 m. bir\u017eelio 30 d. (antradien\u012f) 14\u201317 val.<\/strong>\u00a0dalyvauti projekto \u201e<strong>Media Lab for Bridging Cross-Border Gaps<\/strong>\u201c (toliau &#8211; MEDIA LAB) gerosios patirties sklaidos vaizdo konferencijoje.<\/p>\n<p>\u0160ios tarptautin\u0117s vaizdo konferencijos tikslas \u2013 pristatyti sukurt\u0105 projekto metu metodin\u0119 med\u017eiag\u0105, skirt\u0105 medij\u0173 ra\u0161tingumui pl\u0117toti.<\/p>\n<p>Erasmus+ projektas \u201eMedia Lab for Bridging Cross-Border Gaps\u201d yra Europos S\u0105jungos finansuojamas projektas, kurio tikslas pad\u0117ti sukurti inovatyvius medij\u0173 ra\u0161tingumo ugdymo \u012frankius, atrasti priemones ir b\u016bdus jaunimo medij\u0173 ra\u0161tingumo lygiui kelti. Projekt\u0105 koordinuoja Nacionalin\u0117 \u0161vietimo agent\u016bra.<\/p>\n<p>Projekto MEDIA LAB organizuotame tarptautiniame renginyje dalyvaus projekto partneri\u0173 atstovaujam\u0173 \u0161ali\u0173 \u2013 Latvijos, Lietuvos, Lenkijos, Kipro, Graikijos, \u0160iaur\u0117s Makedonijos \u2013 universitet\u0173 mokslininkai ir \u017eurnalistai, pedagogai, kurie pasidalins patirtimi medij\u0173 edukacijos srityje, kuri tampa ypa\u010d aktuali nuotolinio mokymo(si) kontekste.<\/p>\n<p>Tarptautin\u0117 konferencija \u201eMedia Lab\u201c projekto gerosios patirties sklaida\u201c vyks angl\u0173 kalba, be vertimo.<\/p>\n<p><strong><a href=\"https:\/\/sodas.ugdome.lt\/bylos\/GENERAL\/519fd0c4-0731-45a3-8338-8d2c99d84f34.pdf\">KONFERENCIJOS PROGRAMA ANGL\u0172 KALBA. REGISTRACIJA<\/a>.<\/strong><\/p>\n<p>Konferencijos prad\u017eia \u2013 13 val. (CET), 14 val. (Lietuvos laiku). Numatoma trukm\u0117 \u2013 150 min.<\/p>\n<p>Prisijungimo nuoroda prie vaizdo konferencijos u\u017esiregistravusiems bus atsi\u0173sta likus dienai iki transliacijos prad\u017eios.<\/p>\n<p>Danuta Szejnicka<br \/>\nNacionalin\u0117s \u0161vietimo agent\u016bros<br \/>\nUgdymo turinio departamento<br \/>\nUgdymo turinio rengimo skyriaus ir<br \/>\nProjekto \u201eMedia Lab for Bridging Cross-Border Gaps\u201d<br \/>\nmetodinink\u0117<br \/>\nEl. p.\u00a0<a href=\"mailto:danuta.szejnicka@nsa.smm.lt\">danuta.szejnicka@nsa.smm.lt<\/a><\/p>\n","protected":false},"excerpt":{"rendered":"<p>Kvie\u010diame \u0161vietimo politikos formuotojus, mokytojus ir medij\u0173 ra\u0161tingumo tematika susidom\u0117jusius specialistus, dirban\u010dius jaunimo \u0161vietimo srityje, 2020 m. bir\u017eelio 30 d. (antradien\u012f) 14\u201317 val.\u00a0dalyvauti projekto \u201eMedia Lab for Bridging Cross-Border Gaps\u201c (toliau &#8211; MEDIA LAB) gerosios patirties sklaidos vaizdo konferencijoje. \u0160ios&nbsp;<a href=\"https:\/\/www.nsa.smsm.lt\/old\/2020\/06\/18\/kvieciame-i-tarptautine-vaizdo-konferencija-media-lab-projekto-gerosios-patirties-sklaida\/\" class=\"placiau\">Pla\u010diau <i class=\"fa fa-caret-right\"><\/i><\/a><\/p>\n","protected":false},"author":1,"featured_media":12443,"comment_status":"open","ping_status":"open","sticky":false,"template":"","format":"standard","meta":{"_acf_changed":false,"footnotes":""},"categories":[1],"tags":[],"class_list":["post-12442","post","type-post","status-publish","format-standard","has-post-thumbnail","hentry","category-nacionalines-svietimo-agenturos-naujienos"],"acf":[],"_links":{"self":[{"href":"https:\/\/www.nsa.smsm.lt\/old\/wp-json\/wp\/v2\/posts\/12442","targetHints":{"allow":["GET"]}}],"collection":[{"href":"https:\/\/www.nsa.smsm.lt\/old\/wp-json\/wp\/v2\/posts"}],"about":[{"href":"https:\/\/www.nsa.smsm.lt\/old\/wp-json\/wp\/v2\/types\/post"}],"author":[{"embeddable":true,"href":"https:\/\/www.nsa.smsm.lt\/old\/wp-json\/wp\/v2\/users\/1"}],"replies":[{"embeddable":true,"href":"https:\/\/www.nsa.smsm.lt\/old\/wp-json\/wp\/v2\/comments?post=12442"}],"version-history":[{"count":0,"href":"https:\/\/www.nsa.smsm.lt\/old\/wp-json\/wp\/v2\/posts\/12442\/revisions"}],"wp:featuredmedia":[{"embeddable":true,"href":"https:\/\/www.nsa.smsm.lt\/old\/wp-json\/wp\/v2\/media\/12443"}],"wp:attachment":[{"href":"https:\/\/www.nsa.smsm.lt\/old\/wp-json\/wp\/v2\/media?parent=12442"}],"wp:term":[{"taxonomy":"category","embeddable":true,"href":"https:\/\/www.nsa.smsm.lt\/old\/wp-json\/wp\/v2\/categories?post=12442"},{"taxonomy":"post_tag","embeddable":true,"href":"https:\/\/www.nsa.smsm.lt\/old\/wp-json\/wp\/v2\/tags?post=12442"}],"curies":[{"name":"wp","href":"https:\/\/api.w.org\/{rel}","templated":true}]}}