{"id":12412,"date":"2020-06-16T10:43:41","date_gmt":"2020-06-16T08:43:41","guid":{"rendered":"https:\/\/www.nsa.smsm.lt\/old\/?p=12412"},"modified":"2020-06-16T14:49:54","modified_gmt":"2020-06-16T12:49:54","slug":"skelbiame-10-osios-vaizdo-konferencijos-mokyklu-atradimai-reaguojant-i-covid-19-issuki-skirtos-mokyklos-direktoriu-pavaduotojams-programa","status":"publish","type":"post","link":"https:\/\/www.nsa.smsm.lt\/old\/2020\/06\/16\/skelbiame-10-osios-vaizdo-konferencijos-mokyklu-atradimai-reaguojant-i-covid-19-issuki-skirtos-mokyklos-direktoriu-pavaduotojams-programa\/","title":{"rendered":"Skelbiame 10-osios vaizdo konferencijos \u201eMokykl\u0173 atradimai reaguojant \u012f Covid-19 i\u0161\u0161\u016bk\u012f\u201c, skirtos mokyklos direktori\u0173 pavaduotojams, program\u0105"},"content":{"rendered":"<p><strong>PROGRAMA:<\/strong><\/p>\n<p><strong>\u012e\u017eanginis \u017eodis, aktualijos.<\/strong><\/p>\n<p><em>dr. Jolanta Urbanovi\u010d, <\/em>\u0160vietimo, mokslo ir sporto ministerijos viceministr\u0117<\/p>\n<p><strong>Kas svarbu \u0161vietime \u0161iandien?<\/strong> <strong>EBPO tyrimas.<\/strong><\/p>\n<p><em>dr. Vida Kazragyt\u0117,<\/em> Nacionalin\u0117s \u0161vietimo agent\u016bros Mokykl\u0173 veiklos \u012fsivertinimo ir tobulinimo skyriaus metodinink\u0117<\/p>\n<p><strong>Geros mokyklos aspekt\u0173 rai\u0161ka organizuojant ugdym\u0105 karantino laikotarpiu.<\/strong><\/p>\n<p><em>Laima Gudait\u0117, <\/em>Nacionalin\u0117s \u0161vietimo agent\u016bros Mokykl\u0173 veiklos \u012fsivertinimo ir tobulinimo skyriaus metodinink\u0117<\/p>\n<p><strong>Mokykl\u0173 direktori\u0173 pavaduotoj\u0173 panelin\u0117 diskusija:<\/strong><\/p>\n<ul>\n<li><em>Alytaus Putin\u0173 gimnazija<\/em><\/li>\n<li><em>Garg\u017ed\u0173 \u201eVaivoryk\u0161t\u0117s\u201c gimnazija <\/em><\/li>\n<li><em>Pasvalio Petro Vilei\u0161io gimnazija<\/em><\/li>\n<li><em>Vilniaus Naujinink\u0173 mokykla<\/em><\/li>\n<li><em>\u201elaisva k\u0117d\u0117\u201c\u00a0<\/em><\/li>\n<\/ul>\n<p><strong>Ekspert\u0173 panelin\u0117 diskusija:<\/strong><\/p>\n<ul>\n<li><em>prof. habil. dr. Vilija Targamadz\u0117, <\/em>Vilniaus universitetas<\/li>\n<li><em>dr. Romas Prakapas,<\/em> Mykolo Romerio universiteto Pavaduotoj\u0173 akademijos koordinatorius, Edukologijos ir socialinio darbo instituto docentas<\/li>\n<li><em>dr. Estela Dauk\u0161ien\u0117<\/em>, Vytauto Did\u017eiojo universiteto \u0160vietimo akademija<\/li>\n<li><em>prof. habil. dr. Valentina Dagien\u0117,<\/em> Vilniaus universitetas<\/li>\n<li><em>dr. Aurimas Marijus Juozaitis,<\/em> \u0161vietimo konsultantas<\/li>\n<\/ul>\n<p><strong>Kas ir kaip toliau?<\/strong><\/p>\n<ul>\n<li><em>R\u016bta Krasauskien\u0117,<\/em> Nacionalin\u0117s \u0161vietimo agent\u016bros direktor\u0117<\/li>\n<li><em>dr. Loreta \u017dadeikait\u0117<\/em>, \u0160vietimo, mokslo ir sporto ministerijos vyriausioji patar\u0117ja<\/li>\n<\/ul>\n<p><strong>Konferencij\u0105 moderuoja<\/strong> <em>Albina Vilimien\u0117, <\/em>Nacionalin\u0117s \u0161vietimo agent\u016bros Mokykl\u0173 veiklos \u012fsivertinimo ir tobulinimo skyriaus ved\u0117ja<\/p>\n<p><strong>Transliacijos platformos valdymas:<\/strong><\/p>\n<p><em>Gra\u017evydas Vaitiek\u016bnas,<\/em> \u0160vietimo, mokslo ir sporto ministerijos Informacini\u0173 sistem\u0173 ir dokument\u0173 valdymo skyriaus vyriausiasis specialistas<\/p>\n<p><em>Giedr\u0117 \u010ciapien\u0117,<\/em> Nacionalin\u0117s \u0161vietimo agent\u016bros Kvalifikacijos tobulinimo skyriaus metodinink\u0117<\/p>\n<p><a href=\"https:\/\/docs.google.com\/forms\/d\/e\/1FAIpQLSe4i1HAK3piw5tttZj0XdM7ypGIlDZ8hwJZcwB756XHgtykNQ\/viewform\"><strong>NUORODA REGISTRACIJAI<\/strong><\/a><\/p>\n<p>Maloniai kvie\u010diame registruotis ir dalyvauti!<\/p>\n<p><strong>Transliacija vyks dviem kanalais: ZOOM (su galimybe u\u017eduoti klausimus pokalbi\u0173 kambaryje) ir YOUTUBE (tik steb\u0117ti tiesiogin\u0119 vaizdo konferencij\u0105). <\/strong><\/p>\n<p>Prisijungimo nuoroda prie vaizdo konferencijos u\u017esiregistravusiems bus atsi\u0173sta\u00a0likus pusvaland\u017eiui iki transliacijos prad\u017eios.<\/p>\n<p>Albina Vilimien\u0117<br \/>\nNacionalin\u0117s \u0161vietimo agent\u016bros<br \/>\n\u0160vietimo pagalbos departamento<br \/>\nMokykl\u0173 veiklos \u012fsivertinimo ir tobulinimo skyriaus ved\u0117ja<br \/>\nTel. 8\u00a0658 18 121<br \/>\nEl. p.\u00a0<a href=\"mailto:albina.vilimiene@nsa.smm.lt\">albina.vilimiene@nsa.smm.lt<\/a><\/p>\n","protected":false},"excerpt":{"rendered":"<p>Maloniai kvie\u010diame bendrojo ugdymo mokykl\u0173 direktori\u0173 pavaduotojus bir\u017eelio 17 d. 15 val. dalyvauti baigiamojoje 10-je vaizdo konferencijoje \u201eMokykl\u0173 atradimai reaguojant \u012f COVID-19 i\u0161\u0161\u016bk\u012f\u201c. Skelbiame vaizdo konferencijos program\u0105.<\/p>\n","protected":false},"author":1,"featured_media":0,"comment_status":"open","ping_status":"open","sticky":false,"template":"","format":"standard","meta":{"_acf_changed":false,"footnotes":""},"categories":[1],"tags":[],"class_list":["post-12412","post","type-post","status-publish","format-standard","hentry","category-nacionalines-svietimo-agenturos-naujienos"],"acf":[],"_links":{"self":[{"href":"https:\/\/www.nsa.smsm.lt\/old\/wp-json\/wp\/v2\/posts\/12412","targetHints":{"allow":["GET"]}}],"collection":[{"href":"https:\/\/www.nsa.smsm.lt\/old\/wp-json\/wp\/v2\/posts"}],"about":[{"href":"https:\/\/www.nsa.smsm.lt\/old\/wp-json\/wp\/v2\/types\/post"}],"author":[{"embeddable":true,"href":"https:\/\/www.nsa.smsm.lt\/old\/wp-json\/wp\/v2\/users\/1"}],"replies":[{"embeddable":true,"href":"https:\/\/www.nsa.smsm.lt\/old\/wp-json\/wp\/v2\/comments?post=12412"}],"version-history":[{"count":0,"href":"https:\/\/www.nsa.smsm.lt\/old\/wp-json\/wp\/v2\/posts\/12412\/revisions"}],"wp:attachment":[{"href":"https:\/\/www.nsa.smsm.lt\/old\/wp-json\/wp\/v2\/media?parent=12412"}],"wp:term":[{"taxonomy":"category","embeddable":true,"href":"https:\/\/www.nsa.smsm.lt\/old\/wp-json\/wp\/v2\/categories?post=12412"},{"taxonomy":"post_tag","embeddable":true,"href":"https:\/\/www.nsa.smsm.lt\/old\/wp-json\/wp\/v2\/tags?post=12412"}],"curies":[{"name":"wp","href":"https:\/\/api.w.org\/{rel}","templated":true}]}}