{"id":12230,"date":"2022-09-26T14:11:01","date_gmt":"2020-05-26T12:11:01","guid":{"rendered":"https:\/\/www.nsa.smsm.lt\/old\/?p=12230"},"modified":"2020-05-26T14:14:49","modified_gmt":"2020-05-26T12:14:49","slug":"ivyko-konferencija-verciu-lietuvos-nepriklausomybes-atkurimo-puslapius","status":"publish","type":"post","link":"https:\/\/www.nsa.smsm.lt\/old\/2022\/09\/26\/ivyko-konferencija-verciu-lietuvos-nepriklausomybes-atkurimo-puslapius\/","title":{"rendered":"\u012evyko konferencija \u201eVer\u010diu Lietuvos nepriklausomyb\u0117s atk\u016brimo puslapius\u201c"},"content":{"rendered":"<p>2020 m. Kovo 11-\u0105j\u0105 min\u0117jome Lietuvos Nepriklausomyb\u0117s atk\u016brimo 30-met\u012f. Vilniaus \u017dirm\u016bn\u0173 gimnazija, siekdama prisiminti ir pamin\u0117ti Lietuvos keli\u0105 \u012f laisv\u0119 organizavo Lietuvos gimnazij\u0173 integruot\u0105 konkurs\u0105, kurio rezultatai gegu\u017e\u0117s 20 dien\u0105 buvo pristatyti vaizdo konferencijoje. Konferencijoje dalyvavo 140 \u0161vietimo atstov\u0173.<\/p>\n<p>Rengdami konkursinius darbus mokiniai, vadovaujami mokytoj\u0173, \u00a0k\u016br\u0117 istorin\u012f suvenyr\u0105, siejo j\u012f su Lietuvos Nepriklausomyb\u0117s atk\u016brimo istorija, u\u017era\u0161\u0117 artim\u0173j\u0173 prisiminimus, band\u0117 prisiliesti prie svarbi\u0173 ir iki \u0161iol aktuali\u0173, nepamir\u0161t\u0173 Lietuvos \u012fvyki\u0173.<\/p>\n<p>Nuotolin\u0117je konferencijoje mokiniai pristat\u0117 savo darbus, mokytojai dalijosi patirtimi. Konferencijoje dalyvavo:<\/p>\n<ul>\n<li>Vilniaus \u017dirm\u016bn\u0173 gimnazija <a href=\"https:\/\/www.nsa.smsm.lt\/old\/old\/wp-content\/uploads\/2020\/05\/1.-Zirmunu-gimnazija.pdf\"><i class=\"fa fa-arrow-circle-right \" ><\/i><\/a><\/li>\n<li>Vilniaus \u017demynos gimnazija<\/li>\n<\/ul>\n<p style=\"text-align: center;\"><iframe loading=\"lazy\" src=\"https:\/\/www.youtube.com\/embed\/15UlM-CVwRI\" width=\"560\" height=\"315\" frameborder=\"0\" allowfullscreen=\"allowfullscreen\"><\/iframe><\/p>\n<ul>\n<li>Lietuvos akl\u0173j\u0173 ir silpnaregi\u0173 ugdymo centras <a href=\"https:\/\/www.nsa.smsm.lt\/old\/old\/wp-content\/uploads\/2020\/05\/3.-Lietuvos-akluju-ir-silpnaregiu-ugdymo-centras.pdf\"><i class=\"fa fa-arrow-circle-right \" ><\/i><\/a><\/li>\n<li>\u0160ven\u010dioni\u0173 raj. Pabrad\u0117s \u201e\u017deimenos\u201c gimnazija<\/li>\n<\/ul>\n<p style=\"text-align: center;\"><iframe loading=\"lazy\" src=\"https:\/\/www.youtube.com\/embed\/ascRasKuuE4\" width=\"560\" height=\"315\" frameborder=\"0\" allowfullscreen=\"allowfullscreen\"><\/iframe><\/p>\n<ul>\n<li>Skuodo rajono Mos\u0117d\u017eio gimnazija<\/li>\n<\/ul>\n<p style=\"text-align: center;\"><iframe loading=\"lazy\" src=\"https:\/\/www.youtube.com\/embed\/dkdLjfxr0cw\" width=\"560\" height=\"315\" frameborder=\"0\" allowfullscreen=\"allowfullscreen\"><\/iframe><\/p>\n<ul>\n<li>Vilniaus Gabijos gimnazija<\/li>\n<\/ul>\n<p style=\"text-align: center;\"><iframe loading=\"lazy\" src=\"https:\/\/www.youtube.com\/embed\/M6pb34Mx60k\" width=\"560\" height=\"315\" frameborder=\"0\" allowfullscreen=\"allowfullscreen\"><\/iframe><\/p>\n<ul>\n<li>Vilniaus m. Grigi\u0161ki\u0173 gimnazija <a href=\"https:\/\/www.nsa.smsm.lt\/old\/old\/wp-content\/uploads\/2020\/05\/7.-Vilniaus-m.-Grigiskiu-gimnazija.pdf\"><i class=\"fa fa-arrow-circle-right \" ><\/i><\/a><\/li>\n<li>Ma\u017eeiki\u0173 Gabijos gimnazija <a href=\"https:\/\/www.nsa.smsm.lt\/old\/old\/wp-content\/uploads\/2020\/05\/8.-Mazeikiu-Gabijos-gimnazija.pdf\"><i class=\"fa fa-arrow-circle-right \" ><\/i><\/a><\/li>\n<li>Ma\u017eeiki\u0173 Gabijos gimnazija. Baltijos kelias mano \u0161eimoje <a href=\"https:\/\/www.nsa.smsm.lt\/old\/old\/wp-content\/uploads\/2020\/05\/8.1.-Baltijos-kelias-mano-seimoje.pdf\"><i class=\"fa fa-arrow-circle-right \" ><\/i><\/a><\/li>\n<li>Kauno \u201eSaul\u0117s\u201c gimnazija <a href=\"https:\/\/www.nsa.smsm.lt\/old\/old\/wp-content\/uploads\/2020\/05\/9.-Kauno-Saules-gimnazija.pdf\"><i class=\"fa fa-arrow-circle-right \" ><\/i><\/a><\/li>\n<li>Bir\u017e\u0173 \u201eSaul\u0117s\u201c gimnazija<\/li>\n<\/ul>\n<p style=\"text-align: center;\"><iframe loading=\"lazy\" src=\"https:\/\/www.youtube.com\/embed\/jdIyf1RMnWA\" width=\"560\" height=\"315\" frameborder=\"0\" allowfullscreen=\"allowfullscreen\"><\/iframe><\/p>\n<p style=\"text-align: center;\"><iframe loading=\"lazy\" src=\"https:\/\/www.youtube.com\/embed\/vY0mFAgT7Mk\" width=\"560\" height=\"315\" frameborder=\"0\" allowfullscreen=\"allowfullscreen\"><\/iframe><\/p>\n<p>Nuotolin\u0117s konferencijos vaizdo \u012fra\u0161as:<\/p>\n<p style=\"text-align: center;\"><iframe loading=\"lazy\" src=\"https:\/\/www.youtube.com\/embed\/apgHE09yNaM\" width=\"560\" height=\"315\" frameborder=\"0\" allowfullscreen=\"allowfullscreen\"><\/iframe><\/p>\n<p>Konkurso \u201eVer\u010diu Lietuvos nepriklausomyb\u0117s atk\u016brimo puslapius\u201c dalyvi\u0173 s\u0105ra\u0161as <a href=\"https:\/\/www.nsa.smsm.lt\/old\/old\/wp-content\/uploads\/2020\/05\/12.-Lietuvos-gimnaziju-sarasas.pdf\"><i class=\"fa fa-arrow-circle-right \" ><\/i><\/a><\/p>\n<p>Lietuvos gimnazij\u0173 integruotam istorijos-technologij\u0173 konkursui pateikti darbai <a href=\"https:\/\/www.nsa.smsm.lt\/old\/old\/wp-content\/uploads\/2020\/05\/13.-Konkurso-darbai.pdf\"><i class=\"fa fa-arrow-circle-right \" ><\/i><\/a><\/p>\n<p>Egl\u0117 Vaivadien\u0117<br \/>\nNacionalin\u0117s \u0161vietimo agent\u016bros<br \/>\nUgdymo turinio departamento<br \/>\nUgdymo turinio rengimo skyriaus metodinink\u0117<br \/>\nEl. p.\u00a0<a href=\"mailto:Egle.Vaivadiene@nsa.smm.lt\">Egle.Vaivadiene@nsa.smm.lt<\/a><\/p>\n","protected":false},"excerpt":{"rendered":"<p>2020 m. Kovo 11-\u0105j\u0105 min\u0117jome Lietuvos Nepriklausomyb\u0117s atk\u016brimo 30-met\u012f. Vilniaus \u017dirm\u016bn\u0173 gimnazija, siekdama prisiminti ir pamin\u0117ti Lietuvos keli\u0105 \u012f laisv\u0119 organizavo Lietuvos gimnazij\u0173 integruot\u0105 konkurs\u0105, kurio rezultatai gegu\u017e\u0117s 20 dien\u0105 buvo pristatyti vaizdo konferencijoje. Konferencijoje dalyvavo 140 \u0161vietimo atstov\u0173. Rengdami&nbsp;<a href=\"https:\/\/www.nsa.smsm.lt\/old\/2022\/09\/26\/ivyko-konferencija-verciu-lietuvos-nepriklausomybes-atkurimo-puslapius\/\" class=\"placiau\">Pla\u010diau <i class=\"fa fa-caret-right\"><\/i><\/a><\/p>\n","protected":false},"author":1,"featured_media":0,"comment_status":"open","ping_status":"open","sticky":false,"template":"","format":"standard","meta":{"_acf_changed":false,"footnotes":""},"categories":[1],"tags":[],"class_list":["post-12230","post","type-post","status-publish","format-standard","hentry","category-nacionalines-svietimo-agenturos-naujienos"],"acf":[],"_links":{"self":[{"href":"https:\/\/www.nsa.smsm.lt\/old\/wp-json\/wp\/v2\/posts\/12230","targetHints":{"allow":["GET"]}}],"collection":[{"href":"https:\/\/www.nsa.smsm.lt\/old\/wp-json\/wp\/v2\/posts"}],"about":[{"href":"https:\/\/www.nsa.smsm.lt\/old\/wp-json\/wp\/v2\/types\/post"}],"author":[{"embeddable":true,"href":"https:\/\/www.nsa.smsm.lt\/old\/wp-json\/wp\/v2\/users\/1"}],"replies":[{"embeddable":true,"href":"https:\/\/www.nsa.smsm.lt\/old\/wp-json\/wp\/v2\/comments?post=12230"}],"version-history":[{"count":0,"href":"https:\/\/www.nsa.smsm.lt\/old\/wp-json\/wp\/v2\/posts\/12230\/revisions"}],"wp:attachment":[{"href":"https:\/\/www.nsa.smsm.lt\/old\/wp-json\/wp\/v2\/media?parent=12230"}],"wp:term":[{"taxonomy":"category","embeddable":true,"href":"https:\/\/www.nsa.smsm.lt\/old\/wp-json\/wp\/v2\/categories?post=12230"},{"taxonomy":"post_tag","embeddable":true,"href":"https:\/\/www.nsa.smsm.lt\/old\/wp-json\/wp\/v2\/tags?post=12230"}],"curies":[{"name":"wp","href":"https:\/\/api.w.org\/{rel}","templated":true}]}}