{"id":12165,"date":"2022-09-14T20:49:17","date_gmt":"2020-05-14T18:49:17","guid":{"rendered":"https:\/\/www.nsa.smsm.lt\/old\/?p=12165"},"modified":"2020-05-15T07:29:27","modified_gmt":"2020-05-15T05:29:27","slug":"istorijos-ir-technologiju-mokytojai-kvieciami-i-nuotoline-konferencija-verciu-lietuvos-nepriklausomybes-atkurimo-puslapius","status":"publish","type":"post","link":"https:\/\/www.nsa.smsm.lt\/old\/2022\/09\/14\/istorijos-ir-technologiju-mokytojai-kvieciami-i-nuotoline-konferencija-verciu-lietuvos-nepriklausomybes-atkurimo-puslapius\/","title":{"rendered":"Istorijos ir technologij\u0173 mokytojai kvie\u010diami \u012f nuotolin\u0119 konferencij\u0105 \u201eVer\u010diu Lietuvos nepriklausomyb\u0117s atk\u016brimo puslapius\u201c"},"content":{"rendered":"<p>2020 m. \u0161v\u0119sdami Kovo 11-\u0105j\u0105 min\u0117jome Lietuvos Nepriklausomyb\u0117s atk\u016brimo 30-met\u012f. Nor\u0117dama prisiminti ir pamin\u0117ti Lietuvos keli\u0105 \u012f laisv\u0119, kartu sujungti visas Lietuvos gimnazijas, mokytojus, mokinius, Vilniaus \u017dirm\u016bn\u0173 gimnazija kviet\u0117 dalyvauti Lietuvos gimnazij\u0173 integruotame konkurse \u201eVER\u010cIU LIETUVOS NEPRIKLAUSOMYB\u0116S ATK\u016aRIMO PUSLAPIUS\u201c. Mokiniai kurdami istorin\u012f suvenyr\u0105 siejo j\u012f su Lietuvos Nepriklausomyb\u0117s atk\u016brimo istorija,\u00a0apra\u0161\u0117 artim\u0173j\u0173 prisiminimus, band\u0117 prisiliesti\u00a0prie svarbi\u0173 ir iki \u0161iol aktuali\u0173, nepamir\u0161t\u0173 Lietuvos \u012fvyki\u0173.<\/p>\n<p>Dalyvauti konkurse registravosi 39 gimnazijos,\u00a0ta\u010diau karantino laikotarpis suma\u017eino dalyvi\u0173 skai\u010di\u0173. Konkurse dalyvavo 20 Lietuvos gimnazij\u0173, pateikta vertinimui 40 istorini\u0173 ra\u0161to darb\u0173 ir 39 mokini\u0173 sukurti suvenyrai.<\/p>\n<p><strong>Nacionalin\u0117s \u0161vietimo agent\u016bros atstovai kvie\u010dia \u012fvairi\u0173 dalyk\u0173, ypa\u010d istorijos ir technologij\u0173, mokytojus dalyvauti nuotolin\u0117je konferencijoje\u00a0<\/strong><strong>gegu\u017e\u0117s 20 d. 15 val.\u00a0<\/strong>ir susipa\u017einti su mokini\u0173 konkurso darbais, konkurso nugal\u0117tojais. Nuotolin\u0117je konferencijoje mokiniai \u00a0pristatys savo darbus, mokytojai dalinsis patirtimi.<\/p>\n<p>Konferencijoje dalyvaus:<\/p>\n<ol>\n<li>Vilniaus \u017dirm\u016bn\u0173 gimnazija.<\/li>\n<li>Bir\u017e\u0173 \u201eSaul\u0117s\u201c gimnazija.<\/li>\n<li>Vilniaus \u017demynos gimnazija.<\/li>\n<li>Skuodo rajono Mos\u0117d\u017eio gimnazija.<\/li>\n<li>Vilniaus Gabijos gimnazija.<\/li>\n<li>\u0160ven\u010dioni\u0173 r. Pabrad\u0117s ,,\u017deimenos&#8221; gimnazija.<\/li>\n<li>Ma\u017eeiki\u0173 Gabijos gimnazija.<\/li>\n<li>Kauno \u201eSaul\u0117s\u201c gimnazija.<\/li>\n<li>Vilniaus m. Grigi\u0161ki\u0173 gimnazija<\/li>\n<\/ol>\n<p>Registracijos nuoroda:\u00a0<a href=\"https:\/\/forms.gle\/wxzV8EaMkPnSCQTAA\"><em>Registruotis<\/em><\/a><\/p>\n<p>U\u017esiregistravusiems nuoroda bus atsi\u0173sta pusvaland\u012f prie\u0161 konferencij\u0105.<\/p>\n<p>Maloniai kvie\u010diame dalyvauti.<\/p>\n<p>Egl\u0117 Vaivadien\u0117, Nijol\u0117 Selvestravi\u010di\u016bt\u0117-Grybovien\u0117<br \/>\nNacionalin\u0117s \u0161vietimo agent\u016bros<br \/>\nUgdymo turinio departamento<br \/>\nUgdymo turinio rengimo skyriaus metodinink\u0117s<br \/>\nEl. p.\u00a0<a href=\"mailto:Egle.Vaivadiene@nsa.smm.lt\">Egle.Vaivadiene@nsa.smm.lt<\/a><br \/>\nEl. p.\u00a0<a href=\"mailto:Nijole.Gryboviene@nsa.smm.lt\">Nijole.Gryboviene@nsa.smm.lt<\/a><\/p>\n","protected":false},"excerpt":{"rendered":"<p>2020 m. \u0161v\u0119sdami Kovo 11-\u0105j\u0105 min\u0117jome Lietuvos Nepriklausomyb\u0117s atk\u016brimo 30-met\u012f. Nor\u0117dama prisiminti ir pamin\u0117ti Lietuvos keli\u0105 \u012f laisv\u0119, kartu sujungti visas Lietuvos gimnazijas, mokytojus, mokinius, Vilniaus \u017dirm\u016bn\u0173 gimnazija kviet\u0117 dalyvauti Lietuvos gimnazij\u0173 integruotame konkurse \u201eVER\u010cIU LIETUVOS NEPRIKLAUSOMYB\u0116S ATK\u016aRIMO PUSLAPIUS\u201c. Mokiniai&nbsp;<a href=\"https:\/\/www.nsa.smsm.lt\/old\/2022\/09\/14\/istorijos-ir-technologiju-mokytojai-kvieciami-i-nuotoline-konferencija-verciu-lietuvos-nepriklausomybes-atkurimo-puslapius\/\" class=\"placiau\">Pla\u010diau <i class=\"fa fa-caret-right\"><\/i><\/a><\/p>\n","protected":false},"author":1,"featured_media":0,"comment_status":"open","ping_status":"open","sticky":false,"template":"","format":"standard","meta":{"_acf_changed":false,"footnotes":""},"categories":[1],"tags":[],"class_list":["post-12165","post","type-post","status-publish","format-standard","hentry","category-nacionalines-svietimo-agenturos-naujienos"],"acf":[],"_links":{"self":[{"href":"https:\/\/www.nsa.smsm.lt\/old\/wp-json\/wp\/v2\/posts\/12165","targetHints":{"allow":["GET"]}}],"collection":[{"href":"https:\/\/www.nsa.smsm.lt\/old\/wp-json\/wp\/v2\/posts"}],"about":[{"href":"https:\/\/www.nsa.smsm.lt\/old\/wp-json\/wp\/v2\/types\/post"}],"author":[{"embeddable":true,"href":"https:\/\/www.nsa.smsm.lt\/old\/wp-json\/wp\/v2\/users\/1"}],"replies":[{"embeddable":true,"href":"https:\/\/www.nsa.smsm.lt\/old\/wp-json\/wp\/v2\/comments?post=12165"}],"version-history":[{"count":0,"href":"https:\/\/www.nsa.smsm.lt\/old\/wp-json\/wp\/v2\/posts\/12165\/revisions"}],"wp:attachment":[{"href":"https:\/\/www.nsa.smsm.lt\/old\/wp-json\/wp\/v2\/media?parent=12165"}],"wp:term":[{"taxonomy":"category","embeddable":true,"href":"https:\/\/www.nsa.smsm.lt\/old\/wp-json\/wp\/v2\/categories?post=12165"},{"taxonomy":"post_tag","embeddable":true,"href":"https:\/\/www.nsa.smsm.lt\/old\/wp-json\/wp\/v2\/tags?post=12165"}],"curies":[{"name":"wp","href":"https:\/\/api.w.org\/{rel}","templated":true}]}}