{"id":11994,"date":"2022-09-04T09:33:12","date_gmt":"2020-05-04T07:33:12","guid":{"rendered":"https:\/\/www.nsa.smsm.lt\/old\/?p=11994"},"modified":"2020-05-05T14:27:09","modified_gmt":"2020-05-05T12:27:09","slug":"kvieciame-tevelius-i-surdopedagogu-konsultacija-2","status":"publish","type":"post","link":"https:\/\/www.nsa.smsm.lt\/old\/2022\/09\/04\/kvieciame-tevelius-i-surdopedagogu-konsultacija-2\/","title":{"rendered":"Surdopedagog\u0173 konsultacija t\u0117vams"},"content":{"rendered":"<p><strong>2020 m. gegu\u017e\u0117s 7 d. 14 val<\/strong><strong>.<\/strong> t\u0117velius, auginan\u010dius mokyklinio am\u017eiaus vaikus, turin\u010dius klausos sutrikim\u0173, kvie\u010diame \u012f nuotolin\u0119 surdopedagog\u0173 konsultacij\u0105 per Zoom program\u0105. Specialistai atsakys \u012f Jums r\u016bpimus klausimus, konsultuos d\u0117l vaiko ugdymo, kalbos ir klausos lavinimo. U\u017esiregistrav\u0119, b\u016bsite pakviesti prisijungti prie Zoom platformos.<br \/>\nKonsultuos surdopedagog\u0117s I. Bliakevi\u010dien\u0117 ir D. Burkauskien\u0117.<\/p>\n<p><strong>Registracijos nuoroda:<\/strong> <a href=\"https:\/\/forms.gle\/uQQQvSfJ5cFc9zGF6\">https:\/\/forms.gle\/uQQQvSfJ5cFc9zGF6<\/a><\/p>\n<p>Konsultacij\u0105 organizuoja Lietuvos kur\u010di\u0173j\u0173 ir neprigirdin\u010di\u0173j\u0173 ugdymo centras.<\/p>\n<p>Renginys yra Nacionalin\u0117s \u0161vietimo agent\u016bros vykdomo projekto \u201e\u012etraukiojo ugdymo galimybi\u0173 pl\u0117tra, I etapas\u201c (Nr. 09.2.2-ESFA-V-707-03-0001) dalis.<\/p>\n","protected":false},"excerpt":{"rendered":"<p>2020 m. gegu\u017e\u0117s 7 d. 14 val. t\u0117velius, auginan\u010dius mokyklinio am\u017eiaus vaikus, turin\u010dius klausos sutrikim\u0173, kvie\u010diame \u012f nuotolin\u0119 surdopedagog\u0173 konsultacij\u0105 per Zoom program\u0105. Specialistai atsakys \u012f Jums r\u016bpimus klausimus, konsultuos d\u0117l vaiko ugdymo, kalbos ir klausos lavinimo. U\u017esiregistrav\u0119, b\u016bsite pakviesti&nbsp;<a href=\"https:\/\/www.nsa.smsm.lt\/old\/2022\/09\/04\/kvieciame-tevelius-i-surdopedagogu-konsultacija-2\/\" class=\"placiau\">Pla\u010diau <i class=\"fa fa-caret-right\"><\/i><\/a><\/p>\n","protected":false},"author":1,"featured_media":0,"comment_status":"open","ping_status":"open","sticky":false,"template":"","format":"standard","meta":{"_acf_changed":false,"footnotes":""},"categories":[1],"tags":[],"class_list":["post-11994","post","type-post","status-publish","format-standard","hentry","category-nacionalines-svietimo-agenturos-naujienos"],"acf":[],"_links":{"self":[{"href":"https:\/\/www.nsa.smsm.lt\/old\/wp-json\/wp\/v2\/posts\/11994","targetHints":{"allow":["GET"]}}],"collection":[{"href":"https:\/\/www.nsa.smsm.lt\/old\/wp-json\/wp\/v2\/posts"}],"about":[{"href":"https:\/\/www.nsa.smsm.lt\/old\/wp-json\/wp\/v2\/types\/post"}],"author":[{"embeddable":true,"href":"https:\/\/www.nsa.smsm.lt\/old\/wp-json\/wp\/v2\/users\/1"}],"replies":[{"embeddable":true,"href":"https:\/\/www.nsa.smsm.lt\/old\/wp-json\/wp\/v2\/comments?post=11994"}],"version-history":[{"count":0,"href":"https:\/\/www.nsa.smsm.lt\/old\/wp-json\/wp\/v2\/posts\/11994\/revisions"}],"wp:attachment":[{"href":"https:\/\/www.nsa.smsm.lt\/old\/wp-json\/wp\/v2\/media?parent=11994"}],"wp:term":[{"taxonomy":"category","embeddable":true,"href":"https:\/\/www.nsa.smsm.lt\/old\/wp-json\/wp\/v2\/categories?post=11994"},{"taxonomy":"post_tag","embeddable":true,"href":"https:\/\/www.nsa.smsm.lt\/old\/wp-json\/wp\/v2\/tags?post=11994"}],"curies":[{"name":"wp","href":"https:\/\/api.w.org\/{rel}","templated":true}]}}