{"id":11866,"date":"2020-04-20T08:51:22","date_gmt":"2020-04-20T06:51:22","guid":{"rendered":"https:\/\/www.nsa.smsm.lt\/old\/?p=11866"},"modified":"2020-04-20T08:51:22","modified_gmt":"2020-04-20T06:51:22","slug":"kvieciame-dalyvauti-projekto-tesk-atrankoje-pedagogus-norincius-2020-2021-m-m-igyti-papildomu-dalykiniu-kompetenciju-ar-pedagogo-kvalifikacija","status":"publish","type":"post","link":"https:\/\/www.nsa.smsm.lt\/old\/2020\/04\/20\/kvieciame-dalyvauti-projekto-tesk-atrankoje-pedagogus-norincius-2020-2021-m-m-igyti-papildomu-dalykiniu-kompetenciju-ar-pedagogo-kvalifikacija\/","title":{"rendered":"Kvie\u010diame dalyvauti projekto \u201eT\u0119sk\u201c atrankoje pedagogus, norin\u010dius 2020\u20132021 m. m. \u012fgyti papildom\u0173 dalykini\u0173 kompetencij\u0173 ar pedagogo kvalifikacij\u0105"},"content":{"rendered":"<p>Nacionalin\u0117 \u0161vietimo agent\u016bra, \u012fgyvendindama projekt\u0105 \u201eT\u0119sk\u201c (toliau \u2013 projektas), finansuojam\u0105 i\u0161 Europos socialinio fondo ir Lietuvos Respublikos valstyb\u0117s biud\u017eeto l\u0117\u0161\u0173, pagal Lietuvos Respublikos \u0161vietimo ir mokslo ministro 2017\u00a0m. rugpj\u016b\u010dio 25 d. \u012fsakymu V-646 patvirtinto 2014\u20132020 met\u0173 Europos S\u0105jungos fond\u0173 investicij\u0173 veiksm\u0173 programos 9 prioriteto \u201eVisuomen\u0117s \u0161vietimas ir \u017emogi\u0161k\u0173j\u0173 i\u0161tekli\u0173 potencialo didinimas 09.2.1-ESFA-V-727 priemon\u0119 \u201eMokytoj\u0173 ir kit\u0173 \u0161vietimo sistemos darbuotoj\u0173 kvalifikacijos tobulinimas\u201c kartu su projekto partneriais nuo 2018 met\u0173 vykdo pedagogini\u0173 studij\u0173 ir kompetencij\u0173 tobulinimo programas, suteikian\u010dias dalykines ar pedagogin\u0117s specializacijos kompetencijas ir teis\u0119 dirbti atitinkamo dalyko ar pedagogin\u0117s specializacijos mokytoju \/ pedagogu.<\/p>\n<p>Kvie\u010diame atrankoje dalyvauti tuos parei\u0161k\u0117jus, kurie nor\u0117t\u0173 2020\u20132021\u00a0m. m. \u012fgyti:<\/p>\n<ul>\n<li><a href=\"http:\/\/su.lt\/index.php?option=com_content&amp;view=article&amp;id=3988&amp;Itemid=2502&amp;lang=lt\">papildom\u0173 dalykini\u0173 kompetencij\u0173<\/a> \u0160iauli\u0173 universitete;<\/li>\n<li><a href=\"https:\/\/www.vdu.lt\/lt\/vdu-pedagogams-suteikia-galimybe-mokyti-antro-dalyko-2\/\">papildom\u0173 dalykini\u0173 kompetencij\u0173<\/a> Vytauto Did\u017eiojo universitete;<\/li>\n<li><a href=\"https:\/\/stojantiesiems.ktu.edu\/profesines-studijos\/#apie-projekta-tesk\">pedagogo kvalifikacij\u0105<\/a> Kauno technologijos universitete;<\/li>\n<li><a href=\"https:\/\/pdf.viko.lt\/projektas-tesk\/\">papildom\u0173 dalykini\u0173 kompetencij\u0173<\/a> Vilniaus kolegijoje;<\/li>\n<li><a href=\"https:\/\/www.fsf.vu.lt\/ugdymo-mokslu-institutas\/instituto-ivykiai\">papildom\u0173 dalykini\u0173 kompetencij\u0173<\/a> Vilniaus universitete;<\/li>\n<li><a href=\"https:\/\/www.mruni.eu\/lt\/universitetas\/fakultetai\/edukologijos-ir-socialinio-darbo-institutas\/detail.php\/projektas-tesk\/247363#.XpXAn8gzbIV\">pedagogo kvalifikacij\u0105<\/a> Mykolo Romerio universitete.<\/li>\n<\/ul>\n<p>Atranka \u012f studijas vykdoma 2018\u20132020\u00a0m. I\u0161 viso per trejus metus projekto \u201eT\u0119sk\u201c l\u0117\u0161omis bus finansuojama 821 studij\u0173 vieta.<\/p>\n<p>Rita Ba\u0161kien\u0117<br \/>\nNacionalin\u0117s \u0161vietimo agent\u016bros<br \/>\nUgdymo turinio departamento<br \/>\nMokymo priemoni\u0173 skyriaus metodinink\u0117<br \/>\nProjekto ,,T\u0119sk\u201c 4.1.1 veiklos metodinink\u0117<br \/>\nEl. p. <a href=\"mailto:rita.baskiene@nsa.smm.lt\">rita.baskiene@nsa.smm.lt<\/a><\/p>\n","protected":false},"excerpt":{"rendered":"<p>Nacionalin\u0117 \u0161vietimo agent\u016bra, \u012fgyvendindama projekt\u0105 \u201eT\u0119sk\u201c (toliau \u2013 projektas), finansuojam\u0105 i\u0161 Europos socialinio fondo ir Lietuvos Respublikos valstyb\u0117s biud\u017eeto l\u0117\u0161\u0173, pagal Lietuvos Respublikos \u0161vietimo ir mokslo ministro 2017\u00a0m. rugpj\u016b\u010dio 25 d. \u012fsakymu V-646 patvirtinto 2014\u20132020 met\u0173 Europos S\u0105jungos fond\u0173 investicij\u0173&nbsp;<a href=\"https:\/\/www.nsa.smsm.lt\/old\/2020\/04\/20\/kvieciame-dalyvauti-projekto-tesk-atrankoje-pedagogus-norincius-2020-2021-m-m-igyti-papildomu-dalykiniu-kompetenciju-ar-pedagogo-kvalifikacija\/\" class=\"placiau\">Pla\u010diau <i class=\"fa fa-caret-right\"><\/i><\/a><\/p>\n","protected":false},"author":1,"featured_media":0,"comment_status":"open","ping_status":"open","sticky":false,"template":"","format":"standard","meta":{"_acf_changed":false,"footnotes":""},"categories":[1],"tags":[],"class_list":["post-11866","post","type-post","status-publish","format-standard","hentry","category-nacionalines-svietimo-agenturos-naujienos"],"acf":[],"_links":{"self":[{"href":"https:\/\/www.nsa.smsm.lt\/old\/wp-json\/wp\/v2\/posts\/11866","targetHints":{"allow":["GET"]}}],"collection":[{"href":"https:\/\/www.nsa.smsm.lt\/old\/wp-json\/wp\/v2\/posts"}],"about":[{"href":"https:\/\/www.nsa.smsm.lt\/old\/wp-json\/wp\/v2\/types\/post"}],"author":[{"embeddable":true,"href":"https:\/\/www.nsa.smsm.lt\/old\/wp-json\/wp\/v2\/users\/1"}],"replies":[{"embeddable":true,"href":"https:\/\/www.nsa.smsm.lt\/old\/wp-json\/wp\/v2\/comments?post=11866"}],"version-history":[{"count":0,"href":"https:\/\/www.nsa.smsm.lt\/old\/wp-json\/wp\/v2\/posts\/11866\/revisions"}],"wp:attachment":[{"href":"https:\/\/www.nsa.smsm.lt\/old\/wp-json\/wp\/v2\/media?parent=11866"}],"wp:term":[{"taxonomy":"category","embeddable":true,"href":"https:\/\/www.nsa.smsm.lt\/old\/wp-json\/wp\/v2\/categories?post=11866"},{"taxonomy":"post_tag","embeddable":true,"href":"https:\/\/www.nsa.smsm.lt\/old\/wp-json\/wp\/v2\/tags?post=11866"}],"curies":[{"name":"wp","href":"https:\/\/api.w.org\/{rel}","templated":true}]}}