{"id":11864,"date":"2020-04-20T08:08:35","date_gmt":"2020-04-20T06:08:35","guid":{"rendered":"https:\/\/www.nsa.smsm.lt\/old\/?p=11864"},"modified":"2020-04-20T08:08:35","modified_gmt":"2020-04-20T06:08:35","slug":"lietuvos-akluju-ir-silpnaregiu-ugdymo-centro-sutrikusios-raidos-vaiku-konsultavimo-skyrius-tesia-nuotolini-darba-karantino-metu","status":"publish","type":"post","link":"https:\/\/www.nsa.smsm.lt\/old\/2020\/04\/20\/lietuvos-akluju-ir-silpnaregiu-ugdymo-centro-sutrikusios-raidos-vaiku-konsultavimo-skyrius-tesia-nuotolini-darba-karantino-metu\/","title":{"rendered":"Lietuvos akl\u0173j\u0173 ir silpnaregi\u0173 ugdymo centro Sutrikusios raidos vaik\u0173 konsultavimo skyrius t\u0119sia nuotolin\u012f darb\u0105 karantino metu"},"content":{"rendered":"<p>Lietuvos akl\u0173j\u0173 ir silpnaregi\u0173 ugdymo centro Sutrikusios raidos vaik\u0173 konsultavimo skyriuje nuotolin\u0117s konsultacijos teikiamos pedagogams, \u0161vietimo pagalbos specialistams, t\u0117vams (daugiau informacijos apie nuotolin\u012f ugdym\u0105 <a href=\"https:\/\/srvks.lt\/nuotolinis-ugdymas\/\" target=\"_blank\" rel=\"noopener noreferrer\">https:\/\/srvks.lt\/nuotolinis-ugdymas\/<\/a>). Taip pat organizuojamos nuotolin\u0117s paskaitos \u0161vietimo bendruomenei.<\/p>\n<p>Tenkinant t\u0117v\u0173, auginan\u010di\u0173 \u012fvairiapusi\u0173 raidos sutrikim\u0173 (\u012eRS) turin\u010dius vaikus, l\u016bkes\u010dius baland\u017eio 7 d. buvo organizuota nuotolin\u0117 konsultacija <strong>\u201eElgesio steb\u0117jimas ir vertinimas\u201c<\/strong>. Konsultacijos metu t\u0117vai buvo supa\u017eindinti su vaiko netinkamo elgesio steb\u0117jimo ir vertinimo \u012frankiais, buvo pristatomos metodikos, skirtos naujiems vaiko \u00a0\u012fg\u016bd\u017eiams formuoti. Konsultacij\u0105 ved\u0117 ir \u012f t\u0117v\u0173 klausimus atsakin\u0117jo Sutrikusios raidos vaik\u0173 konsultavimo skyriaus specialioji pedagog\u0117 Renata Greimait\u0117.<\/p>\n<p>Siekdamas pad\u0117ti skland\u017eiai organizuoti ir vykdyti pedagog\u0173 darb\u0105 su \u012eRS turin\u010diais vaikais, <strong>baland\u017eio 14-<\/strong><strong>24 d.<\/strong> Sutrikusios raidos vaik\u0173 konsultavimo skyrius organizuoja nuotolini\u0173 mokym\u0173 cikl\u0105<strong> \u201eVaik\u0173, turin\u010di\u0173 autizmo spektro sutrikim\u0173, ugdymo ypatumai\u201c <\/strong>mokytoj\u0173 pad\u0117j\u0117jams.<\/p>\n<p>Rengini\u0173 grafikas pateikiamas paspaudus \u0161i\u0105 nuorod\u0105: <a href=\"https:\/\/srvks.lt\/renginiu-kalendorius\/2020-04\/\" target=\"_blank\" rel=\"noopener noreferrer\">https:\/\/srvks.lt\/renginiu-kalendorius\/2020-04\/<\/a>.<\/p>\n<p>D\u0117l did\u017eiulio susidom\u0117jusi\u0173 skai\u010diaus registracija \u012f visas paskaitas jau baigta.<\/p>\n<p>Ateityje Sutrikusios raidos vaik\u0173 konsultavimo skyrius organizuos nuotolines paskaitas pedagogams ir \u0161vietimo pagalbos specialistams, dirbantiems su \u012fvairiapusi\u0173 raidos sutrikim\u0173 turin\u010diais vaikais.<\/p>\n","protected":false},"excerpt":{"rendered":"<p>Lietuvos akl\u0173j\u0173 ir silpnaregi\u0173 ugdymo centro Sutrikusios raidos vaik\u0173 konsultavimo skyriuje nuotolin\u0117s konsultacijos teikiamos pedagogams, \u0161vietimo pagalbos specialistams, t\u0117vams (daugiau informacijos apie nuotolin\u012f ugdym\u0105 https:\/\/srvks.lt\/nuotolinis-ugdymas\/). Taip pat organizuojamos nuotolin\u0117s paskaitos \u0161vietimo bendruomenei. Tenkinant t\u0117v\u0173, auginan\u010di\u0173 \u012fvairiapusi\u0173 raidos sutrikim\u0173 (\u012eRS) turin\u010dius&nbsp;<a href=\"https:\/\/www.nsa.smsm.lt\/old\/2020\/04\/20\/lietuvos-akluju-ir-silpnaregiu-ugdymo-centro-sutrikusios-raidos-vaiku-konsultavimo-skyrius-tesia-nuotolini-darba-karantino-metu\/\" class=\"placiau\">Pla\u010diau <i class=\"fa fa-caret-right\"><\/i><\/a><\/p>\n","protected":false},"author":1,"featured_media":0,"comment_status":"open","ping_status":"open","sticky":false,"template":"","format":"standard","meta":{"_acf_changed":false,"footnotes":""},"categories":[1],"tags":[],"class_list":["post-11864","post","type-post","status-publish","format-standard","hentry","category-nacionalines-svietimo-agenturos-naujienos"],"acf":[],"_links":{"self":[{"href":"https:\/\/www.nsa.smsm.lt\/old\/wp-json\/wp\/v2\/posts\/11864","targetHints":{"allow":["GET"]}}],"collection":[{"href":"https:\/\/www.nsa.smsm.lt\/old\/wp-json\/wp\/v2\/posts"}],"about":[{"href":"https:\/\/www.nsa.smsm.lt\/old\/wp-json\/wp\/v2\/types\/post"}],"author":[{"embeddable":true,"href":"https:\/\/www.nsa.smsm.lt\/old\/wp-json\/wp\/v2\/users\/1"}],"replies":[{"embeddable":true,"href":"https:\/\/www.nsa.smsm.lt\/old\/wp-json\/wp\/v2\/comments?post=11864"}],"version-history":[{"count":0,"href":"https:\/\/www.nsa.smsm.lt\/old\/wp-json\/wp\/v2\/posts\/11864\/revisions"}],"wp:attachment":[{"href":"https:\/\/www.nsa.smsm.lt\/old\/wp-json\/wp\/v2\/media?parent=11864"}],"wp:term":[{"taxonomy":"category","embeddable":true,"href":"https:\/\/www.nsa.smsm.lt\/old\/wp-json\/wp\/v2\/categories?post=11864"},{"taxonomy":"post_tag","embeddable":true,"href":"https:\/\/www.nsa.smsm.lt\/old\/wp-json\/wp\/v2\/tags?post=11864"}],"curies":[{"name":"wp","href":"https:\/\/api.w.org\/{rel}","templated":true}]}}