{"id":11862,"date":"2020-04-20T10:07:51","date_gmt":"2020-04-20T08:07:51","guid":{"rendered":"https:\/\/www.nsa.smsm.lt\/old\/?p=11862"},"modified":"2020-04-20T17:25:03","modified_gmt":"2020-04-20T15:25:03","slug":"organizuotas-virtualus-susitikimas-su-tarpinstitucinio-bendradarbiavimo-koordinatoriais","status":"publish","type":"post","link":"https:\/\/www.nsa.smsm.lt\/old\/2020\/04\/20\/organizuotas-virtualus-susitikimas-su-tarpinstitucinio-bendradarbiavimo-koordinatoriais\/","title":{"rendered":"Organizuotas virtualus susitikimas su tarpinstitucinio bendradarbiavimo koordinatoriais"},"content":{"rendered":"<p>\u0160i\u0173 met\u0173 baland\u017eio 15 d. Nacionalin\u0117s \u0161vietimo agent\u016bros \u0160vietimo pagalbos departamento Psichologijos skyrius kartu su Lietuvos Respublikos \u0161vietimo, mokslo ir sporto ministerijos \u0160vietimo pagalbos skyriumi\u00a0sureng\u0117 virtual\u0173 susitikim\u0105 koordinuotai teikiam\u0173 paslaug\u0173 vaikams ir \u0161eimai visuotinio karantino metu klausimams aptarti.<\/p>\n<p>Susitikime dalyvavo vis\u0173 Lietuvos savivaldybi\u0173 tarpinstitucinio bendradarbiavimo koordinatoriai, Lietuvos Respublikos \u0161vietimo, mokslo ir sporto ministerijos ir Nacionalin\u0117s \u0161vietimo agent\u016bros specialistai, kit\u0173 ministerijai pavald\u017ei\u0173 institucij\u0173 atstovai.<\/p>\n<p>Susitikime dalyvav\u0119s \u0161vietimo, mokslo ir sporto viceministras Ar\u016bnas Plik\u0161nys pristat\u0117, kokie poky\u010diai \u0161iuo metu yra vykdomi vyriausybiniame lygmenyje koreguojant minimalios ir vidutin\u0117s prie\u017ei\u016bros bei vietos savivaldos \u012fstatymus; aktualia situacijos ap\u017evalga tarpinstitucinio bendradarbiavimo koordinatori\u0173 veikloje pasidalino Rita Viktoravi\u010dien\u0117 (Vilkavi\u0161kio r.), Lina Augyt\u0117 (\u0160iauli\u0173 m.), Dalia Vilkauskien\u0117\u00a0 (Utenos r.) ir Milda Jaraminait\u0117\u2013\u016asien\u0117 (Klaip\u0117dos r.). Galimybes karantino ir \u012fprastin\u0117mis s\u0105lygomis teikti pagalb\u0105 sutrikusios raidos vaikams pristat\u0117 Lietuvos akl\u0173j\u0173 ir silpnaregi\u0173 ugdymo centro specialist\u0117 Gintar\u0117 \u0160at\u0117. Diskusijoje dalyvav\u0119s Lietuvos Respublikos \u0161vietimo, mokslo ir sporto ministerijos Mokykl\u0173 veiklos skyriaus ved\u0117jas Alvydas Puod\u017eiukas kviet\u0117 savivaldybi\u0173 atstovus bendrai spr\u0119sti socializacijos centruose ketinam\u0173 apgyvendinti vaik\u0173 karantinavimo problemas. Susitikim\u0105 apibendrino Lietuvos Respublikos \u0161vietimo, mokslo ir sporto ministerijos \u0160vietimo pagalbos skyriaus ved\u0117ja Gra\u017eina \u0160eibokien\u0117, pabr\u0117\u017edama tarpinstitucinio bendradarbiavimo koordinatori\u0173 svarb\u0173 vaidmen\u012f \u0161iuo \u012ftemptu laikotarpiu savivaldyb\u0117se telkiant pagalb\u0105 ir paslaugas vaikams ir \u0161eimoms, paskatino stiprinti savo, kaip lyderi\u0173 pozicijas inicijuojant bei administruojant koordinuotai teikiamos pagalbos tinklus savo rajonuose.<\/p>\n<p>\u0160is laikotarpis dar labiau i\u0161ry\u0161kino kai kuri\u0173 socialini\u0173 grupi\u0173 problemas u\u017etikrinant ugdymo bei socialines ir sveikatos paslaugas nuotoliniu b\u016bdu. Tarpinstitucinio bendradarbiavimo koordinatoriai pripa\u017e\u012fsta, kad tr\u016bksta ir priemoni\u0173, ir \u017emogi\u0161k\u0173j\u0173 resurs\u0173, kuri\u0173 dalis negali atlikti savo pareig\u0173 d\u0117l priklausymo rizikos grup\u0117ms Covid-19 akivaizdoje. Susitikimo metu ypa\u010d pabr\u0117\u017eta, kad elgesio sutrikimus turintys vaikai, ypa\u010d b\u0117gantys i\u0161 nam\u0173, nesilaikantys karantino reikalavim\u0173, kelia gr\u0117sm\u0119 ir sau, ir kitiems, ir d\u0117l \u0161ios problemos skirting\u0173 kompetencijos sri\u010di\u0173 specialistai turi konsoliduotis ir bendrai ie\u0161koti b\u016bd\u0173, kaip u\u017etikrinti toki\u0173 vaik\u0173 prie\u017ei\u016br\u0105, pagalb\u0105 j\u0173 t\u0117vams ir glob\u0117jams, u\u017etikrinti vaik\u0173 saugum\u0105 ir geriausius interesus atitinkan\u010dias s\u0105lygas.<\/p>\n<p>Susitikim\u0105 moderavo Nacionalin\u0117s \u0161vietimo agent\u016bros Psichologijos skyriaus socialinis pedagogas Rytis \u0160iautkulis ir Lietuvos Respublikos \u0161vietimo, mokslo ir sporto ministerijos \u0160vietimo pagalbos skyriaus vyriausioji specialist\u0117 Daiva Vai\u0161norien\u0117. \u00a0Tai buvo pirmas susitikimas \u0161iais metais su tarpinstitucinio bendradarbiavimo koordinatoriais aptariant aktualijas. \u0160iais metais ir toliau planuojama rengti susitikimus ir metodines dienas tarpinstitucinio bendradarbiavimo koordinatoriams.<\/p>\n<p>Rytis \u0160iautkulis<br \/>\nNacionalin\u0117s \u0161vietimo agent\u016bros<br \/>\n\u0160vietimo pagalbos departamento<br \/>\nPsichologijos skyriaus socialinis pedagogas<br \/>\nEl. p. <a href=\"mailto:rytis.siautkulis@nsa.smm.lt\">rytis.siautkulis@nsa.smm.lt<\/a><\/p>\n","protected":false},"excerpt":{"rendered":"<p>\u0160i\u0173 met\u0173 baland\u017eio 15 d. Nacionalin\u0117s \u0161vietimo agent\u016bros \u0160vietimo pagalbos departamento Psichologijos skyrius kartu su Lietuvos Respublikos \u0161vietimo, mokslo ir sporto ministerijos \u0160vietimo pagalbos skyriumi\u00a0sureng\u0117 virtual\u0173 susitikim\u0105 koordinuotai teikiam\u0173 paslaug\u0173 vaikams ir \u0161eimai visuotinio karantino metu klausimams aptarti. Susitikime dalyvavo&nbsp;<a href=\"https:\/\/www.nsa.smsm.lt\/old\/2020\/04\/20\/organizuotas-virtualus-susitikimas-su-tarpinstitucinio-bendradarbiavimo-koordinatoriais\/\" class=\"placiau\">Pla\u010diau <i class=\"fa fa-caret-right\"><\/i><\/a><\/p>\n","protected":false},"author":1,"featured_media":0,"comment_status":"open","ping_status":"open","sticky":false,"template":"","format":"standard","meta":{"_acf_changed":false,"footnotes":""},"categories":[1],"tags":[],"class_list":["post-11862","post","type-post","status-publish","format-standard","hentry","category-nacionalines-svietimo-agenturos-naujienos"],"acf":[],"_links":{"self":[{"href":"https:\/\/www.nsa.smsm.lt\/old\/wp-json\/wp\/v2\/posts\/11862","targetHints":{"allow":["GET"]}}],"collection":[{"href":"https:\/\/www.nsa.smsm.lt\/old\/wp-json\/wp\/v2\/posts"}],"about":[{"href":"https:\/\/www.nsa.smsm.lt\/old\/wp-json\/wp\/v2\/types\/post"}],"author":[{"embeddable":true,"href":"https:\/\/www.nsa.smsm.lt\/old\/wp-json\/wp\/v2\/users\/1"}],"replies":[{"embeddable":true,"href":"https:\/\/www.nsa.smsm.lt\/old\/wp-json\/wp\/v2\/comments?post=11862"}],"version-history":[{"count":0,"href":"https:\/\/www.nsa.smsm.lt\/old\/wp-json\/wp\/v2\/posts\/11862\/revisions"}],"wp:attachment":[{"href":"https:\/\/www.nsa.smsm.lt\/old\/wp-json\/wp\/v2\/media?parent=11862"}],"wp:term":[{"taxonomy":"category","embeddable":true,"href":"https:\/\/www.nsa.smsm.lt\/old\/wp-json\/wp\/v2\/categories?post=11862"},{"taxonomy":"post_tag","embeddable":true,"href":"https:\/\/www.nsa.smsm.lt\/old\/wp-json\/wp\/v2\/tags?post=11862"}],"curies":[{"name":"wp","href":"https:\/\/api.w.org\/{rel}","templated":true}]}}