{"id":11829,"date":"2020-04-10T13:42:24","date_gmt":"2020-04-10T11:42:24","guid":{"rendered":"https:\/\/www.nsa.smsm.lt\/old\/?p=11829"},"modified":"2020-04-10T13:42:24","modified_gmt":"2020-04-10T11:42:24","slug":"paskirta-nacionalines-svietimo-agenturos-vadove","status":"publish","type":"post","link":"https:\/\/www.nsa.smsm.lt\/old\/2020\/04\/10\/paskirta-nacionalines-svietimo-agenturos-vadove\/","title":{"rendered":"Paskirta Nacionalin\u0117s \u0161vietimo agent\u016bros vadov\u0117"},"content":{"rendered":"<p><img loading=\"lazy\" decoding=\"async\" class=\"alignleft  wp-image-11830\" src=\"https:\/\/www.nsa.smsm.lt\/old\/old\/wp-content\/uploads\/2020\/04\/nsa_vadove.jpg\" alt=\"\" width=\"258\" height=\"172\" srcset=\"https:\/\/www.nsa.smsm.lt\/old\/wp-content\/uploads\/2020\/04\/nsa_vadove.jpg 800w, https:\/\/www.nsa.smsm.lt\/old\/wp-content\/uploads\/2020\/04\/nsa_vadove-300x200.jpg 300w, https:\/\/www.nsa.smsm.lt\/old\/wp-content\/uploads\/2020\/04\/nsa_vadove-768x511.jpg 768w\" sizes=\"auto, (max-width: 258px) 100vw, 258px\" \/>Nacionalinei \u0161vietimo agent\u016brai (N\u0160A) nuo baland\u017eio 17 d. vadovaus R\u016bta Krasauskien\u0117. Iki tol buvusi Vilniaus \u017demynos gimnazijos direktor\u0117 vadovauti agent\u016brai \u0161vietimo, mokslo ir sporto ministro \u012fsakymu skiriama penkeri\u0173 met\u0173 kadencijai. Ji laim\u0117jo konkurs\u0105 \u012f N\u0160A vadovo viet\u0105, taip pat gauta teigiama Speciali\u0173j\u0173 tyrim\u0173 tarnybos i\u0161vada d\u0117l tinkamumo u\u017eimti pareigas.<\/p>\n<p>\u201eSieksiu, kad agent\u016bra tapt\u0173 telkian\u010diu kompetencij\u0173 centru, diegian\u010diu inovatyvius \u0161vietimo politikos sprendimus, nukreiptus \u012f \u0161vietimo kokyb\u0117s gerinim\u0105, geban\u010diu ne tik tirti ir analizuoti, bet ir prognozuoti poky\u010dius \u0161vietime, kurti ugdymo turin\u012f ir sudaryti geriausias s\u0105lygas mokymuisi kiekvienam asmeniui\u201c, &#8211; sako R. Krasauskien\u0117.<\/p>\n<p>R\u016bta Krasauskien\u0117, aktyvi Lietuvos \u0161vietimo bendruomen\u0117s nar\u0117, \u0161vietimo vadybos ekspert\u0117, yra buvusi Lietuvos gimnazij\u0173 asociacijos ir Lietuvos mokykl\u0173 vadov\u0173 asociacijos viceprezident\u0117, nuo 2019 m. \u2013 Lietuvos \u0161vietimo tarybos pirmininko pavaduotoja.<\/p>\n<p>Vilniaus \u017demynos gimnazijoje ji dirba nuo 1999 m. R. Krasauskien\u0117 taip pat yra dirbusi Vilniaus \u201eSietuvos\u201c progimnazijoje, chorinio dainavimo mokykloje \u201eLiepait\u0117s\u201c, d\u0117s\u010diusi Lietuvos edukologijos universiteto Kult\u016bros ir meno edukologijos institute.<\/p>\n<p>Lietuvos muzikos ir teatro akademijoje ji yra \u012fgijusi choro dirigent\u0117s, chorini\u0173 disciplin\u0173 d\u0117stytojos profesij\u0105. Vadybinius, pedagoginius, u\u017esienio kalb\u0173 geb\u0117jimus toliau ji tobulino Lietuvoje ir u\u017esienyje.<\/p>\n<p>R. Krasauskien\u0117 apdovanota Seimo, Ministro Pirmininko, \u0161vietimo, mokslo ir sporto ministro pad\u0117komis, 2019 m. \u012fteiktas atminimo \u017eenklas \u201eU\u017e nuopelnus Vilniaus savivaldai\u201c.<\/p>\n<p>Konkursas \u012f Nacionalin\u0117s \u0161vietimo agent\u016bros direktoriaus pareigas \u012fvyko kovo 19 d., \u012f agent\u016bros vadovo pareigas pretendavo du \u017emon\u0117s. Komisijos nariai savaranki\u0161kai vertino kiekvieno pretendento kompetencijas. Konkurso laim\u0117toju paskelbtas did\u017eiausi\u0105 konkursin\u012f bal\u0105 gav\u0119s pretendentas.<\/p>\n<p>Konkurso s\u0105lygose pretendentams buvo keliamas ir reikalavimas pateikti vadovavimo\u00a0\u012fstaigai gaires:\u00a0kokie tur\u0117t\u0173 b\u016bti Nacionalin\u0117s \u0161vietimo agent\u016bros tikslai,\u00a0 prioritetai,\u00a0kaip vadovas tur\u0117t\u0173 vadovauti \u0161iai \u012fstaigai ir kt. Gair\u0117se tur\u0117jo atsispind\u0117ti ir pretendento kompetencijos: strateginio \u0161vietimo \u012fstaigos valdymo, vadovavimo pedagog\u0173 kvalifikacijos tobulinimui ir pan.<\/p>\n<p>Nacionalin\u0117 \u0161vietimo agent\u016bra \u012fsteigta rugs\u0117j\u012f sujungus ministerijai pavald\u017eias \u012fstaigas, kuri\u0173 funkcijos dubliavosi: Ugdymo pl\u0117tot\u0117s centr\u0105, Specialiosios pedagogikos ir psichologijos centr\u0105, \u0160vietimo apr\u016bpinimo centr\u0105, Nacionalin\u012f egzamin\u0173 centr\u0105, \u0160vietimo informacini\u0173 technologij\u0173 centr\u0105 ir Nacionalin\u0119 mokykl\u0173 vertinimo agent\u016br\u0105. Agent\u016bros paskirtis \u2013 ugdymo turinio \u012fgyvendinimo ir \u0161vietimo pagalbos organizavimo steb\u0117sena, ugdymo turinio poky\u010di\u0173 vertinimas, brandos egzamin\u0173, kit\u0173 mokini\u0173 pasiekim\u0173 organizavimas, nacionalini\u0173 ir tarptautini\u0173 tyrim\u0173 organizavimas, pretendent\u0173 \u012f \u0161vietimo \u012fstaig\u0173 vadovus atranka, informacin\u0117, konsultacin\u0117 pagalba, mokytoj\u0173 kvalifikacijos tobulinimas, mokykl\u0173 apr\u016bpinimas ir kt.<\/p>\n","protected":false},"excerpt":{"rendered":"<p>Nacionalinei \u0161vietimo agent\u016brai (N\u0160A) nuo baland\u017eio 17 d. vadovaus R\u016bta Krasauskien\u0117. Iki tol buvusi Vilniaus \u017demynos gimnazijos direktor\u0117 vadovauti agent\u016brai \u0161vietimo, mokslo ir sporto ministro \u012fsakymu skiriama penkeri\u0173 met\u0173 kadencijai. Ji laim\u0117jo konkurs\u0105 \u012f N\u0160A vadovo viet\u0105, taip pat gauta&nbsp;<a href=\"https:\/\/www.nsa.smsm.lt\/old\/2020\/04\/10\/paskirta-nacionalines-svietimo-agenturos-vadove\/\" class=\"placiau\">Pla\u010diau <i class=\"fa fa-caret-right\"><\/i><\/a><\/p>\n","protected":false},"author":1,"featured_media":11830,"comment_status":"open","ping_status":"open","sticky":false,"template":"","format":"standard","meta":{"_acf_changed":false,"footnotes":""},"categories":[1],"tags":[],"class_list":["post-11829","post","type-post","status-publish","format-standard","has-post-thumbnail","hentry","category-nacionalines-svietimo-agenturos-naujienos"],"acf":[],"_links":{"self":[{"href":"https:\/\/www.nsa.smsm.lt\/old\/wp-json\/wp\/v2\/posts\/11829","targetHints":{"allow":["GET"]}}],"collection":[{"href":"https:\/\/www.nsa.smsm.lt\/old\/wp-json\/wp\/v2\/posts"}],"about":[{"href":"https:\/\/www.nsa.smsm.lt\/old\/wp-json\/wp\/v2\/types\/post"}],"author":[{"embeddable":true,"href":"https:\/\/www.nsa.smsm.lt\/old\/wp-json\/wp\/v2\/users\/1"}],"replies":[{"embeddable":true,"href":"https:\/\/www.nsa.smsm.lt\/old\/wp-json\/wp\/v2\/comments?post=11829"}],"version-history":[{"count":0,"href":"https:\/\/www.nsa.smsm.lt\/old\/wp-json\/wp\/v2\/posts\/11829\/revisions"}],"wp:featuredmedia":[{"embeddable":true,"href":"https:\/\/www.nsa.smsm.lt\/old\/wp-json\/wp\/v2\/media\/11830"}],"wp:attachment":[{"href":"https:\/\/www.nsa.smsm.lt\/old\/wp-json\/wp\/v2\/media?parent=11829"}],"wp:term":[{"taxonomy":"category","embeddable":true,"href":"https:\/\/www.nsa.smsm.lt\/old\/wp-json\/wp\/v2\/categories?post=11829"},{"taxonomy":"post_tag","embeddable":true,"href":"https:\/\/www.nsa.smsm.lt\/old\/wp-json\/wp\/v2\/tags?post=11829"}],"curies":[{"name":"wp","href":"https:\/\/api.w.org\/{rel}","templated":true}]}}