{"id":11465,"date":"2020-02-25T13:42:09","date_gmt":"2020-02-25T11:42:09","guid":{"rendered":"https:\/\/www.nsa.smsm.lt\/old\/?p=11465"},"modified":"2020-02-25T13:42:09","modified_gmt":"2020-02-25T11:42:09","slug":"lituanistu-konferencija-kalba-literatura-mokykla-ir-kitos-musu-gyvenimo-jungtys","status":"publish","type":"post","link":"https:\/\/www.nsa.smsm.lt\/old\/2020\/02\/25\/lituanistu-konferencija-kalba-literatura-mokykla-ir-kitos-musu-gyvenimo-jungtys\/","title":{"rendered":"Lituanist\u0173 konferencija \u201eKalba, literat\u016bra, mokykla ir kitos m\u016bs\u0173 gyvenimo jungtys\u201c"},"content":{"rendered":"<p>2020 m. kovo 27\u201328 d. asociacija \u201eLituanist\u0173 samb\u016bris\u201c ir Nacionalin\u0117 \u0161vietimo agent\u016bra kvie\u010dia lietuvi\u0173 kalbos ir literat\u016bros mokytojus \u012f jubiliejin\u0119 konferencij\u0105-suva\u017eiavim\u0105 \u201eKalba, literat\u016bra, mokykla ir kitos m\u016bs\u0173 gyvenimo jungtys\u201c, skirt\u0105 Lietuvos valstyb\u0117s atk\u016brimo trisde\u0161imtme\u010diui pamin\u0117ti.<\/p>\n<p><strong>Konferencijos tikslas<\/strong> \u2013 kartu su mokslininkais aptarti aktualiausius mokyklin\u0117s lituanistikos klausimus, jos tolesnio pl\u0117tojimo kryptis, susipa\u017einti su naujausiais literat\u016bros ir kalbos mokymo tyrimais, mokyklos d\u0117mesio vertais pastar\u0173j\u0173 met\u0173 literat\u016bros k\u016briniais.<\/p>\n<p>Kovo 27 d. renginys vyks Vilniaus universiteto Teatro sal\u0117je (Universiteto g. 5, Vilnius).<br \/>\nPrad\u017eia \u2013 11.00 val. Dalyvi\u0173 registracija \u2013 nuo 10.00 val.<\/p>\n<p>Kovo 28 d. organizuojama kult\u016brin\u0117 edukacin\u0117 ekskursija po Vilniaus kra\u0161t\u0105 (Vladislovo Sirokoml\u0117s muziejus (Bareiki\u0161ki\u0173 k.), Medininkai, Turgeliai, Paulavos respublika, Ja\u0161i\u016bnai).<\/p>\n<p>9.00 val. i\u0161vyksime i\u0161 S. Daukanto aik\u0161t\u0117s (\u0161alia yra Lietuvos Respublikos prezident\u016bra). Planuojama trukm\u0117 \u2013 6 val. Ekskursijos kaina \u2013 10 eur\u0173.<\/p>\n<p>Maloniai kvie\u010diame dalyvauti ir i\u0161 anksto registruotis Nacionalin\u0117s \u0161vietimo agent\u016bros informacin\u0117je sistemoje \u201eUgdymo sodas\u201c. Dalyvi\u0173 registracija vyks iki kovo 25 d. Registruodamiesi b\u016btinai nurodykite, ar vyksite \u012f ekskursij\u0105.<\/p>\n<p>Dalyviams bus i\u0161duotos pa\u017eymos.<\/p>\n<p>I\u0161samesn\u0117s informacijos teiraukit\u0117s tel. 8 614 37 239, (8 5) 277 9881 arba el. p. <a href=\"mailto:lituanistusamburis@gmail.com\">lituanistusamburis@gmail.com<\/a>, <a href=\"mailto:Meile.Ceponiene@nsa.smm.lt\">Meile.Ceponiene@nsa.smm.lt<\/a>.<\/p>\n<p><strong>Kvietimas<\/strong> <a href=\"https:\/\/www.nsa.smsm.lt\/old\/old\/wp-content\/uploads\/2020\/02\/Kvietimas2020-03-27\u201328.pdf\"><i class=\"fa fa-arrow-circle-right \" ><\/i><\/a><\/p>\n<p>Meil\u0117 \u010ceponien\u0117<br \/>\nNacionalin\u0117s \u0161vietimo agent\u016bros<br \/>\n\u0160vietimo pagalbos departamento<br \/>\nKvalifikacijos tobulinimo skyriaus metodinink\u0117<br \/>\nEl. p. meile.ceponiene@nsa.smm.lt<\/p>\n","protected":false},"excerpt":{"rendered":"<p>2020 m. kovo 27\u201328 d. asociacija \u201eLituanist\u0173 samb\u016bris\u201c ir Nacionalin\u0117 \u0161vietimo agent\u016bra kvie\u010dia lietuvi\u0173 kalbos ir literat\u016bros mokytojus \u012f jubiliejin\u0119 konferencij\u0105-suva\u017eiavim\u0105 \u201eKalba, literat\u016bra, mokykla ir kitos m\u016bs\u0173 gyvenimo jungtys\u201c, skirt\u0105 Lietuvos valstyb\u0117s atk\u016brimo trisde\u0161imtme\u010diui pamin\u0117ti. Konferencijos tikslas \u2013 kartu su&nbsp;<a href=\"https:\/\/www.nsa.smsm.lt\/old\/2020\/02\/25\/lituanistu-konferencija-kalba-literatura-mokykla-ir-kitos-musu-gyvenimo-jungtys\/\" class=\"placiau\">Pla\u010diau <i class=\"fa fa-caret-right\"><\/i><\/a><\/p>\n","protected":false},"author":1,"featured_media":0,"comment_status":"open","ping_status":"open","sticky":false,"template":"","format":"standard","meta":{"_acf_changed":false,"footnotes":""},"categories":[1],"tags":[],"class_list":["post-11465","post","type-post","status-publish","format-standard","hentry","category-nacionalines-svietimo-agenturos-naujienos"],"acf":[],"_links":{"self":[{"href":"https:\/\/www.nsa.smsm.lt\/old\/wp-json\/wp\/v2\/posts\/11465","targetHints":{"allow":["GET"]}}],"collection":[{"href":"https:\/\/www.nsa.smsm.lt\/old\/wp-json\/wp\/v2\/posts"}],"about":[{"href":"https:\/\/www.nsa.smsm.lt\/old\/wp-json\/wp\/v2\/types\/post"}],"author":[{"embeddable":true,"href":"https:\/\/www.nsa.smsm.lt\/old\/wp-json\/wp\/v2\/users\/1"}],"replies":[{"embeddable":true,"href":"https:\/\/www.nsa.smsm.lt\/old\/wp-json\/wp\/v2\/comments?post=11465"}],"version-history":[{"count":0,"href":"https:\/\/www.nsa.smsm.lt\/old\/wp-json\/wp\/v2\/posts\/11465\/revisions"}],"wp:attachment":[{"href":"https:\/\/www.nsa.smsm.lt\/old\/wp-json\/wp\/v2\/media?parent=11465"}],"wp:term":[{"taxonomy":"category","embeddable":true,"href":"https:\/\/www.nsa.smsm.lt\/old\/wp-json\/wp\/v2\/categories?post=11465"},{"taxonomy":"post_tag","embeddable":true,"href":"https:\/\/www.nsa.smsm.lt\/old\/wp-json\/wp\/v2\/tags?post=11465"}],"curies":[{"name":"wp","href":"https:\/\/api.w.org\/{rel}","templated":true}]}}