{"id":11430,"date":"2020-02-24T12:11:07","date_gmt":"2020-02-24T10:11:07","guid":{"rendered":"https:\/\/www.nsa.smsm.lt\/old\/?p=11430"},"modified":"2020-02-24T12:11:07","modified_gmt":"2020-02-24T10:11:07","slug":"marijampoleje-ivyko-viesoji-konsultacija-kaip-padeti-vaikui-turinciam-autizmo-spektro-sutrikimu","status":"publish","type":"post","link":"https:\/\/www.nsa.smsm.lt\/old\/2020\/02\/24\/marijampoleje-ivyko-viesoji-konsultacija-kaip-padeti-vaikui-turinciam-autizmo-spektro-sutrikimu\/","title":{"rendered":"Marijampol\u0117je \u012fvyko vie\u0161oji konsultacija \u201eKaip pad\u0117ti vaikui, turin\u010diam autizmo spektro sutrikim\u0173?\u201c"},"content":{"rendered":"<p>Nacionalin\u0117 \u0161vietimo agent\u016bra, \u012fgyvendindama projekt\u0105 ,,Bendrojo ugdymo mokytoj\u0173 bendr\u0173j\u0173 ir dalykini\u0173 kompetencij\u0173 tobulinimas\u201c (Nr. 09.4.2-ESFA-V-715-02-0001), 2020 m.\u00a0 vasario 19 d. bendrojo ugdymo mokykl\u0173 mokytojams organizavo vie\u0161\u0105j\u0105 konsultacij\u0105, kurioje buvo aptarti mokytoj\u0173 darbo su klas\u0117s \u012fvairove ypatumai. Konsultacija \u201e<em>Kaip pad\u0117ti vaikui, turin\u010diam autizmo spektro sutrikim\u0173?<\/em>\u201c vyko Marijampol\u0117s \u201e\u017dibur\u0117lio\u201c mokykloje-daugiafunkciame centre.<\/p>\n<p>Konsultacijos metu Kauno kolegijos docent\u0117 dr. Viktorija Pi\u0161\u010dalkien\u0117 pristat\u0117 metodin\u012f leidin\u012f <a href=\"https:\/\/www.upc.smm.lt\/projektai\/bendal\/metodiniai-leidiniai\/ASS_internetas.pdf\">\u201eKaip pad\u0117ti vaikui, turin\u010diam autizmo spektro sutrikim\u0173\u201c<\/a> (leidinys parengtas \u012fgyvendinant projekt\u0105 \u201eBendrojo ugdymo mokytoj\u0173 bendr\u0173j\u0173 ir dalykini\u0173 kompetencij\u0173 tobulinimas\u201c). Lektor\u0117 akcentavo pedagog\u0173 ir t\u0117v\u0173 bendradarbiavimo svarb\u0105 u\u017etikrinant veiksming\u0105 vaik\u0173, turin\u010di\u0173 autizmo spektro sutrikim\u0173,\u00a0 ugdym\u0105 ir teigiamus poky\u010dius.<\/p>\n<p>Patirtimi ir praktiniais pavyzd\u017eiais, dirbant su autizmo spektro sutrikim\u0173 turin\u010diais vaikais, dalijosi Kauno kolegijos lektor\u0117s Jolanta Ulozien\u0117 bei Evelina Lamsodien\u0117.<\/p>\n<p>Tai buvo paskutin\u0117 i\u0161 \u0161e\u0161i\u0173 vie\u0161\u0173j\u0173 konsultacij\u0173, skirt\u0173 bendrojo ugdymo mokykl\u0173 pedagogams, \u012fgyvendinant projekt\u0105 bei siekiant aptarti mokytoj\u0173 darbo su klas\u0117s \u012fvairove ypatumus. I\u0161 viso konsultacijose dalyvavo daugiau kaip 200 pedagog\u0173 i\u0161 \u012fvairi\u0173 Lietuvos ugdymo \u012fstaig\u0173. Konsultacijos vyko Vilniuje (2), Kaune (1), Klaip\u0117doje (1), Panev\u0117\u017eyje (1) ir Marijampol\u0117je (1).<\/p>\n<p>Kristina Pranien\u0117<br \/>\nNacionalin\u0117s \u0161vietimo agent\u016bros<br \/>\nprojekto \u201eBendrojo ugdymo mokytoj\u0173 bendr\u0173j\u0173<br \/>\nir dalykini\u0173 kompetencij\u0173 tobulinimas\u201c<br \/>\nveiklos metodinink\u0117<br \/>\nEl. p.\u00a0<a href=\"mailto:kristina.praniene@nsa.smm.lt\">kristina.praniene@nsa.smm.lt<\/a><\/p>\n","protected":false},"excerpt":{"rendered":"<p>Nacionalin\u0117 \u0161vietimo agent\u016bra, \u012fgyvendindama projekt\u0105 ,,Bendrojo ugdymo mokytoj\u0173 bendr\u0173j\u0173 ir dalykini\u0173 kompetencij\u0173 tobulinimas\u201c (Nr. 09.4.2-ESFA-V-715-02-0001), 2020 m.\u00a0 vasario 19 d. bendrojo ugdymo mokykl\u0173 mokytojams organizavo vie\u0161\u0105j\u0105 konsultacij\u0105, kurioje buvo aptarti mokytoj\u0173 darbo su klas\u0117s \u012fvairove ypatumai. Konsultacija \u201eKaip pad\u0117ti vaikui,&nbsp;<a href=\"https:\/\/www.nsa.smsm.lt\/old\/2020\/02\/24\/marijampoleje-ivyko-viesoji-konsultacija-kaip-padeti-vaikui-turinciam-autizmo-spektro-sutrikimu\/\" class=\"placiau\">Pla\u010diau <i class=\"fa fa-caret-right\"><\/i><\/a><\/p>\n","protected":false},"author":1,"featured_media":0,"comment_status":"open","ping_status":"open","sticky":false,"template":"","format":"standard","meta":{"_acf_changed":false,"footnotes":""},"categories":[1],"tags":[],"class_list":["post-11430","post","type-post","status-publish","format-standard","hentry","category-nacionalines-svietimo-agenturos-naujienos"],"acf":[],"_links":{"self":[{"href":"https:\/\/www.nsa.smsm.lt\/old\/wp-json\/wp\/v2\/posts\/11430","targetHints":{"allow":["GET"]}}],"collection":[{"href":"https:\/\/www.nsa.smsm.lt\/old\/wp-json\/wp\/v2\/posts"}],"about":[{"href":"https:\/\/www.nsa.smsm.lt\/old\/wp-json\/wp\/v2\/types\/post"}],"author":[{"embeddable":true,"href":"https:\/\/www.nsa.smsm.lt\/old\/wp-json\/wp\/v2\/users\/1"}],"replies":[{"embeddable":true,"href":"https:\/\/www.nsa.smsm.lt\/old\/wp-json\/wp\/v2\/comments?post=11430"}],"version-history":[{"count":0,"href":"https:\/\/www.nsa.smsm.lt\/old\/wp-json\/wp\/v2\/posts\/11430\/revisions"}],"wp:attachment":[{"href":"https:\/\/www.nsa.smsm.lt\/old\/wp-json\/wp\/v2\/media?parent=11430"}],"wp:term":[{"taxonomy":"category","embeddable":true,"href":"https:\/\/www.nsa.smsm.lt\/old\/wp-json\/wp\/v2\/categories?post=11430"},{"taxonomy":"post_tag","embeddable":true,"href":"https:\/\/www.nsa.smsm.lt\/old\/wp-json\/wp\/v2\/tags?post=11430"}],"curies":[{"name":"wp","href":"https:\/\/api.w.org\/{rel}","templated":true}]}}