{"id":11285,"date":"2020-02-11T11:01:51","date_gmt":"2020-02-11T09:01:51","guid":{"rendered":"https:\/\/www.nsa.smsm.lt\/old\/?p=11285"},"modified":"2020-02-11T13:11:26","modified_gmt":"2020-02-11T11:11:26","slug":"ivyko-viesoji-konsultacija-meninio-ir-technologinio-ugdymo-dalyku-mokytojams","status":"publish","type":"post","link":"https:\/\/www.nsa.smsm.lt\/old\/2020\/02\/11\/ivyko-viesoji-konsultacija-meninio-ir-technologinio-ugdymo-dalyku-mokytojams\/","title":{"rendered":"\u012evyko vie\u0161oji konsultacija meninio ir technologinio ugdymo dalyk\u0173 mokytojams"},"content":{"rendered":"<p>Nacionalin\u0117 \u0161vietimo agent\u016bra 2020 m. vasario 5 d. organizavo vie\u0161\u0105j\u0105 konsultacij\u0105 meninio ir technologinio ugdymo mokytojams \u201eUgdymo ir vertinimo proceso tobulinimo kryptys technologij\u0173 ir men\u0173 dalyk\u0173 pamokose\u201c. Konsultacijos tikslas buvo sudaryti galimybes technologij\u0173 ir men\u0173 mokytojams tobulinti dalykines kompetencijas ugdymo turinio atnaujinimo kontekste.<\/p>\n<p>Konsultacijoje dalyvavo dail\u0117s, muzikos, \u0161okio, technologij\u0173 mokytojai i\u0161 \u012fvairi\u0173 Lietuvos region\u0173. Asociacijos \u201e\u017dini\u0173 ekonomikos forumas\u201c vadovas Arminas Varanauskas i\u0161samiai pagrind\u0117, kod\u0117l svarbu ir kokiais b\u016bdais galima ugdyti mokini\u0173 medij\u0173 ir informacin\u012f ra\u0161tingum\u0105, pateik\u0117 praktini\u0173 pavyzd\u017ei\u0173 \u00a0meninio ugdymo ir technologij\u0173 dalyk\u0173 temoms. V\u0161\u012e \u201eLietuvos Junior Achievement\u201c direktor\u0117 And\u017eelika Rusteikien\u0117 analizavo verslumo geb\u0117jim\u0173 ugdymo mokykloje svarb\u0105, o praktini\u0173 pavyzd\u017ei\u0173 \u0161ia tema pateik\u0117 Jolita Noruvien\u0117, Alytaus Putin\u0173 gimnazijos ekonomikos ir verslumo mokytoja, FABLAB ir verslumo ugdymo projekto koordinator\u0117 Alytuje. Prane\u0161\u0117jai \u012ftikino mokytojus, kad medij\u0173 ir informacinio ra\u0161tingumo, antrepreneryst\u0117s\u00a0 ugdymo temos \u00a0gali reik\u0161mingai praturtinti meninio ugdymo ir technologij\u0173 dalyk\u0173 turin\u012f.<\/p>\n<p>Vie\u0161oji konsultacija baig\u0117si ugdymo turinio atnaujinimo problematikos aptarimu \u2013 mokytojai dar kart\u0105 per\u017ei\u016br\u0117jo pedagog\u0173 ir moksleivi\u0173 asociacij\u0173 pateiktus bendr\u0173j\u0173 program\u0173 (2008 m.) vertinimus ir pateik\u0117 savo \u012f\u017evalg\u0173, pasi\u016blym\u0173.<\/p>\n<p>Vie\u0161oji konsultacija \u012fvyko \u012fgyvendinant projekt\u0105 \u201eBendrojo ugdymo mokytoj\u0173 bendr\u0173j\u0173 ir dalykini\u0173 kompetencij\u0173 tobulinimas\u201c (projekto kodas Nr. 09.4.2.-ESFA-V-715-02-0001), finansuojam\u0105 Europos S\u0105jungos ir Lietuvos Respublikos l\u0117\u0161omis.<\/p>\n<p><strong>Renginio akimirkos<\/strong><\/p>\n\n\t\t<style type=\"text\/css\">\n\t\t\t#gallery-1 {\n\t\t\t\tmargin: auto;\n\t\t\t}\n\t\t\t#gallery-1 .gallery-item {\n\t\t\t\tfloat: left;\n\t\t\t\tmargin-top: 10px;\n\t\t\t\ttext-align: center;\n\t\t\t\twidth: 16%;\n\t\t\t}\n\t\t\t#gallery-1 img {\n\t\t\t\tborder: 2px solid #cfcfcf;\n\t\t\t}\n\t\t\t#gallery-1 .gallery-caption {\n\t\t\t\tmargin-left: 0;\n\t\t\t}\n\t\t\t\/* see gallery_shortcode() in wp-includes\/media.php *\/\n\t\t<\/style>\n\t\t<div id='gallery-1' class='gallery galleryid-11285 gallery-columns-6 gallery-size-thumbnail'><dl class='gallery-item'>\n\t\t\t<dt class='gallery-icon portrait'>\n\t\t\t\t<a href='https:\/\/www.nsa.smsm.lt\/old\/wp-content\/uploads\/2020\/02\/Varanauskas-scaled-e1581411634452.jpg'><img loading=\"lazy\" decoding=\"async\" width=\"150\" height=\"150\" src=\"https:\/\/www.nsa.smsm.lt\/old\/wp-content\/uploads\/2020\/02\/Varanauskas-150x150.jpg\" class=\"attachment-thumbnail size-thumbnail\" alt=\"\" \/><\/a>\n\t\t\t<\/dt><\/dl><dl class='gallery-item'>\n\t\t\t<dt class='gallery-icon portrait'>\n\t\t\t\t<a href='https:\/\/www.nsa.smsm.lt\/old\/wp-content\/uploads\/2020\/02\/lektores-scaled-e1581411612693.jpg'><img loading=\"lazy\" decoding=\"async\" width=\"150\" height=\"150\" src=\"https:\/\/www.nsa.smsm.lt\/old\/wp-content\/uploads\/2020\/02\/lektores-150x150.jpg\" class=\"attachment-thumbnail size-thumbnail\" alt=\"\" \/><\/a>\n\t\t\t<\/dt><\/dl><dl class='gallery-item'>\n\t\t\t<dt class='gallery-icon portrait'>\n\t\t\t\t<a href='https:\/\/www.nsa.smsm.lt\/old\/wp-content\/uploads\/2020\/02\/Lektore2-scaled-e1581411598423.jpg'><img loading=\"lazy\" decoding=\"async\" width=\"150\" height=\"150\" src=\"https:\/\/www.nsa.smsm.lt\/old\/wp-content\/uploads\/2020\/02\/Lektore2-150x150.jpg\" class=\"attachment-thumbnail size-thumbnail\" alt=\"\" \/><\/a>\n\t\t\t<\/dt><\/dl><dl class='gallery-item'>\n\t\t\t<dt class='gallery-icon portrait'>\n\t\t\t\t<a href='https:\/\/www.nsa.smsm.lt\/old\/wp-content\/uploads\/2020\/02\/lektore-scaled-e1581411572534.jpg'><img loading=\"lazy\" decoding=\"async\" width=\"150\" height=\"150\" src=\"https:\/\/www.nsa.smsm.lt\/old\/wp-content\/uploads\/2020\/02\/lektore-150x150.jpg\" class=\"attachment-thumbnail size-thumbnail\" alt=\"\" \/><\/a>\n\t\t\t<\/dt><\/dl><dl class='gallery-item'>\n\t\t\t<dt class='gallery-icon landscape'>\n\t\t\t\t<a href='https:\/\/www.nsa.smsm.lt\/old\/wp-content\/uploads\/2020\/02\/darbas-grupese2-e1581411509957.jpg'><img loading=\"lazy\" decoding=\"async\" width=\"150\" height=\"150\" src=\"https:\/\/www.nsa.smsm.lt\/old\/wp-content\/uploads\/2020\/02\/darbas-grupese2-150x150.jpg\" class=\"attachment-thumbnail size-thumbnail\" alt=\"\" \/><\/a>\n\t\t\t<\/dt><\/dl><dl class='gallery-item'>\n\t\t\t<dt class='gallery-icon portrait'>\n\t\t\t\t<a href='https:\/\/www.nsa.smsm.lt\/old\/wp-content\/uploads\/2020\/02\/darbas-grupese1.jpg'><img loading=\"lazy\" decoding=\"async\" width=\"150\" height=\"150\" src=\"https:\/\/www.nsa.smsm.lt\/old\/wp-content\/uploads\/2020\/02\/darbas-grupese1-150x150.jpg\" class=\"attachment-thumbnail size-thumbnail\" alt=\"\" \/><\/a>\n\t\t\t<\/dt><\/dl><br style=\"clear: both\" \/>\n\t\t<\/div>\n\n<p>Egl\u0117s Vaivadien\u0117s ir \u017dydr\u0117s Jankevi\u010dien\u0117s nuotraukos<\/p>\n<p>Projekto \u201eBendrojo ugdymo mokytoj\u0173 bendr\u0173j\u0173 ir dalykini\u0173 kompetencij\u0173 tobulinimas\u201c informacija<\/p>\n","protected":false},"excerpt":{"rendered":"<p>Nacionalin\u0117 \u0161vietimo agent\u016bra 2020 m. vasario 5 d. organizavo vie\u0161\u0105j\u0105 konsultacij\u0105 meninio ir technologinio ugdymo mokytojams \u201eUgdymo ir vertinimo proceso tobulinimo kryptys technologij\u0173 ir men\u0173 dalyk\u0173 pamokose\u201c. Konsultacijos tikslas buvo sudaryti galimybes technologij\u0173 ir men\u0173 mokytojams tobulinti dalykines kompetencijas ugdymo&nbsp;<a href=\"https:\/\/www.nsa.smsm.lt\/old\/2020\/02\/11\/ivyko-viesoji-konsultacija-meninio-ir-technologinio-ugdymo-dalyku-mokytojams\/\" class=\"placiau\">Pla\u010diau <i class=\"fa fa-caret-right\"><\/i><\/a><\/p>\n","protected":false},"author":1,"featured_media":11287,"comment_status":"open","ping_status":"open","sticky":false,"template":"","format":"standard","meta":{"_acf_changed":false,"footnotes":""},"categories":[1],"tags":[],"class_list":["post-11285","post","type-post","status-publish","format-standard","has-post-thumbnail","hentry","category-nacionalines-svietimo-agenturos-naujienos"],"acf":[],"_links":{"self":[{"href":"https:\/\/www.nsa.smsm.lt\/old\/wp-json\/wp\/v2\/posts\/11285","targetHints":{"allow":["GET"]}}],"collection":[{"href":"https:\/\/www.nsa.smsm.lt\/old\/wp-json\/wp\/v2\/posts"}],"about":[{"href":"https:\/\/www.nsa.smsm.lt\/old\/wp-json\/wp\/v2\/types\/post"}],"author":[{"embeddable":true,"href":"https:\/\/www.nsa.smsm.lt\/old\/wp-json\/wp\/v2\/users\/1"}],"replies":[{"embeddable":true,"href":"https:\/\/www.nsa.smsm.lt\/old\/wp-json\/wp\/v2\/comments?post=11285"}],"version-history":[{"count":0,"href":"https:\/\/www.nsa.smsm.lt\/old\/wp-json\/wp\/v2\/posts\/11285\/revisions"}],"wp:featuredmedia":[{"embeddable":true,"href":"https:\/\/www.nsa.smsm.lt\/old\/wp-json\/wp\/v2\/media\/11287"}],"wp:attachment":[{"href":"https:\/\/www.nsa.smsm.lt\/old\/wp-json\/wp\/v2\/media?parent=11285"}],"wp:term":[{"taxonomy":"category","embeddable":true,"href":"https:\/\/www.nsa.smsm.lt\/old\/wp-json\/wp\/v2\/categories?post=11285"},{"taxonomy":"post_tag","embeddable":true,"href":"https:\/\/www.nsa.smsm.lt\/old\/wp-json\/wp\/v2\/tags?post=11285"}],"curies":[{"name":"wp","href":"https:\/\/api.w.org\/{rel}","templated":true}]}}