{"id":11243,"date":"2020-02-06T21:24:49","date_gmt":"2020-02-06T19:24:49","guid":{"rendered":"https:\/\/www.nsa.smsm.lt\/old\/?p=11243"},"modified":"2020-02-06T21:24:49","modified_gmt":"2020-02-06T19:24:49","slug":"panevezyje-ivyko-viesoji-konsultacija-kaip-padeti-vaikui-turinciam-autizmo-spektro-sutrikimu","status":"publish","type":"post","link":"https:\/\/www.nsa.smsm.lt\/old\/2020\/02\/06\/panevezyje-ivyko-viesoji-konsultacija-kaip-padeti-vaikui-turinciam-autizmo-spektro-sutrikimu\/","title":{"rendered":"Panev\u0117\u017eyje \u012fvyko vie\u0161oji konsultacija \u201eKaip pad\u0117ti vaikui, turin\u010diam autizmo spektro sutrikim\u0173?\u201c"},"content":{"rendered":"<p>Nacionalin\u0117 \u0161vietimo agent\u016bra, \u012fgyvendindama projekt\u0105 ,,Bendrojo ugdymo mokytoj\u0173 bendr\u0173j\u0173 ir dalykini\u0173 kompetencij\u0173 tobulinimas\u201c (Nr. 09.4.2-ESFA-V-715-02-0001),\u00a0 2020 m.\u00a0 vasario 5 d. bendrojo ugdymo mokykl\u0173 mokytojams organizavo vie\u0161\u0105j\u0105 konsultacij\u0105, kurioje buvo aptarti mokytoj\u0173 darbo su klas\u0117s \u012fvairove ypatumai. Konsultacija \u201e<em>Kaip pad\u0117ti vaikui, turin\u010diam autizmo spektro sutrikim\u0173?<\/em>\u201c vyko Panev\u0117\u017eio Mykolo Karkos pagrindin\u0117je mokykloje.<\/p>\n<p>Konsultacijos metu Kauno kolegijos docent\u0117 dr. Viktorija Pi\u0161\u010dalkien\u0117 pristat\u0117 metodin\u012f leidin\u012f <a href=\"https:\/\/www.upc.smm.lt\/projektai\/bendal\/metodiniai-leidiniai\/ASS_internetas.pdf\">\u201eKaip pad\u0117ti vaikui, turin\u010diam autizmo spektro sutrikim\u0173?\u201c<\/a> (leidinys parengtas \u012fgyvendinant projekt\u0105 \u201eBendrojo ugdymo mokytoj\u0173 bendr\u0173j\u0173 ir dalykini\u0173 kompetencij\u0173 tobulinimas\u201c). Lektor\u0117 taip pat akcentavo pedagog\u0173 ir t\u0117v\u0173 bendradarbiavimo svarb\u0105 u\u017etikrinant veiksming\u0105 vaik\u0173, turin\u010di\u0173 autizmo spektro sutrikim\u0173,\u00a0 ugdym\u0105 ir teigiamus poky\u010dius.<\/p>\n<p>Patirtimi ir praktiniais pavyzd\u017eiais, dirbant su autizmo spektro sutrikim\u0173 turin\u010diais vaikais, dalijosi Kauno kolegijos lektor\u0117 Jolanta Ulozien\u0117, apie fizinio aktyvumo u\u017esi\u0117mim\u0173 organizavim\u0105 raidos sutrikim\u0173 turintiems vaikams kalb\u0117jo Ilona Totorait\u0117, V\u0161\u012e \u201e\u0160vietimo pagalbos projektai\u201c projekt\u0173 vadov\u0117. Apie vaik\u0173, turin\u010di\u0173 autizmo spektro sutrikim\u0173, jutimin\u0117s informacijos apdorojimo sutrikimus ir j\u0173 ma\u017einimo priemones su vie\u0161osios konsultacijos dalyviais diskutavo Evelina Lamsodien\u0117, Kauno kolegijos lektor\u0117.<strong>\u00a0<\/strong><\/p>\n<p><strong>Renginio akimirkos<\/strong><\/p>\n\n\t\t<style type=\"text\/css\">\n\t\t\t#gallery-1 {\n\t\t\t\tmargin: auto;\n\t\t\t}\n\t\t\t#gallery-1 .gallery-item {\n\t\t\t\tfloat: left;\n\t\t\t\tmargin-top: 10px;\n\t\t\t\ttext-align: center;\n\t\t\t\twidth: 33%;\n\t\t\t}\n\t\t\t#gallery-1 img {\n\t\t\t\tborder: 2px solid #cfcfcf;\n\t\t\t}\n\t\t\t#gallery-1 .gallery-caption {\n\t\t\t\tmargin-left: 0;\n\t\t\t}\n\t\t\t\/* see gallery_shortcode() in wp-includes\/media.php *\/\n\t\t<\/style>\n\t\t<div id='gallery-1' class='gallery galleryid-11243 gallery-columns-3 gallery-size-thumbnail'><dl class='gallery-item'>\n\t\t\t<dt class='gallery-icon landscape'>\n\t\t\t\t<a href='https:\/\/www.nsa.smsm.lt\/old\/wp-content\/uploads\/2020\/02\/foto-2-e1581017045307.jpg'><img loading=\"lazy\" decoding=\"async\" width=\"150\" height=\"150\" src=\"https:\/\/www.nsa.smsm.lt\/old\/wp-content\/uploads\/2020\/02\/foto-2-150x150.jpg\" class=\"attachment-thumbnail size-thumbnail\" alt=\"\" \/><\/a>\n\t\t\t<\/dt><\/dl><dl class='gallery-item'>\n\t\t\t<dt class='gallery-icon landscape'>\n\t\t\t\t<a href='https:\/\/www.nsa.smsm.lt\/old\/wp-content\/uploads\/2020\/02\/foto1-e1581017057108.jpg'><img loading=\"lazy\" decoding=\"async\" width=\"150\" height=\"150\" src=\"https:\/\/www.nsa.smsm.lt\/old\/wp-content\/uploads\/2020\/02\/foto1-150x150.jpg\" class=\"attachment-thumbnail size-thumbnail\" alt=\"\" \/><\/a>\n\t\t\t<\/dt><\/dl>\n\t\t\t<br style='clear: both' \/>\n\t\t<\/div>\n\n<p>Lijanos Navickien\u0117s nuotraukos<\/p>\n<p>Kristina Pranien\u0117<br \/>\nNacionalin\u0117s \u0161vietimo agent\u016bros<br \/>\nprojekto \u201eBendrojo ugdymo mokytoj\u0173 bendr\u0173j\u0173<br \/>\nir dalykini\u0173 kompetencij\u0173 tobulinimas\u201c<br \/>\nveiklos metodinink\u0117<br \/>\nEl. p.\u00a0<a href=\"mailto:kristina.praniene@nsa.smm.lt\">kristina.praniene@nsa.smm.lt<\/a><\/p>\n","protected":false},"excerpt":{"rendered":"<p>Nacionalin\u0117 \u0161vietimo agent\u016bra, \u012fgyvendindama projekt\u0105 ,,Bendrojo ugdymo mokytoj\u0173 bendr\u0173j\u0173 ir dalykini\u0173 kompetencij\u0173 tobulinimas\u201c (Nr. 09.4.2-ESFA-V-715-02-0001),\u00a0 2020 m.\u00a0 vasario 5 d. bendrojo ugdymo mokykl\u0173 mokytojams organizavo vie\u0161\u0105j\u0105 konsultacij\u0105, kurioje buvo aptarti mokytoj\u0173 darbo su klas\u0117s \u012fvairove ypatumai. Konsultacija \u201eKaip pad\u0117ti vaikui,&nbsp;<a href=\"https:\/\/www.nsa.smsm.lt\/old\/2020\/02\/06\/panevezyje-ivyko-viesoji-konsultacija-kaip-padeti-vaikui-turinciam-autizmo-spektro-sutrikimu\/\" class=\"placiau\">Pla\u010diau <i class=\"fa fa-caret-right\"><\/i><\/a><\/p>\n","protected":false},"author":1,"featured_media":11245,"comment_status":"open","ping_status":"open","sticky":false,"template":"","format":"standard","meta":{"_acf_changed":false,"footnotes":""},"categories":[1],"tags":[],"class_list":["post-11243","post","type-post","status-publish","format-standard","has-post-thumbnail","hentry","category-nacionalines-svietimo-agenturos-naujienos"],"acf":[],"_links":{"self":[{"href":"https:\/\/www.nsa.smsm.lt\/old\/wp-json\/wp\/v2\/posts\/11243","targetHints":{"allow":["GET"]}}],"collection":[{"href":"https:\/\/www.nsa.smsm.lt\/old\/wp-json\/wp\/v2\/posts"}],"about":[{"href":"https:\/\/www.nsa.smsm.lt\/old\/wp-json\/wp\/v2\/types\/post"}],"author":[{"embeddable":true,"href":"https:\/\/www.nsa.smsm.lt\/old\/wp-json\/wp\/v2\/users\/1"}],"replies":[{"embeddable":true,"href":"https:\/\/www.nsa.smsm.lt\/old\/wp-json\/wp\/v2\/comments?post=11243"}],"version-history":[{"count":0,"href":"https:\/\/www.nsa.smsm.lt\/old\/wp-json\/wp\/v2\/posts\/11243\/revisions"}],"wp:featuredmedia":[{"embeddable":true,"href":"https:\/\/www.nsa.smsm.lt\/old\/wp-json\/wp\/v2\/media\/11245"}],"wp:attachment":[{"href":"https:\/\/www.nsa.smsm.lt\/old\/wp-json\/wp\/v2\/media?parent=11243"}],"wp:term":[{"taxonomy":"category","embeddable":true,"href":"https:\/\/www.nsa.smsm.lt\/old\/wp-json\/wp\/v2\/categories?post=11243"},{"taxonomy":"post_tag","embeddable":true,"href":"https:\/\/www.nsa.smsm.lt\/old\/wp-json\/wp\/v2\/tags?post=11243"}],"curies":[{"name":"wp","href":"https:\/\/api.w.org\/{rel}","templated":true}]}}