{"id":10574,"date":"2019-12-06T19:35:56","date_gmt":"2019-12-06T17:35:56","guid":{"rendered":"https:\/\/www.nsa.smsm.lt\/old\/?p=10574"},"modified":"2019-12-11T09:38:50","modified_gmt":"2019-12-11T07:38:50","slug":"kvieciame-i-tyrimo-apie-vaiko-individualios-pazangos-vertinimo-situacijos-ir-kaitos-lietuvoje-pristatyma","status":"publish","type":"post","link":"https:\/\/www.nsa.smsm.lt\/old\/2019\/12\/06\/kvieciame-i-tyrimo-apie-vaiko-individualios-pazangos-vertinimo-situacijos-ir-kaitos-lietuvoje-pristatyma\/","title":{"rendered":"Kvie\u010diame \u012f tyrimo apie vaiko individualios pa\u017eangos vertinimo situacij\u0105 ir kait\u0105 Lietuvoje pristatym\u0105"},"content":{"rendered":"<p><strong>2019 m. gruod\u017eio 13 d. (penktadien\u012f) 13 val.<\/strong> \u0160vietimo, mokslo ir sporto ministerijos Kolegij\u0173 sal\u0117je (A. Volano g. 2, Vilnius) bus pristatytas \u0160vietimo, mokslo ir sporto ministerijos u\u017esakymu atliktas tyrimas apie vaiko individualios pa\u017eangos vertinimo situacij\u0105 ir kait\u0105 Lietuvoje lyginant dvej\u0173 (2016 m. ir 2018 m.) met\u0173 Nacionalin\u0117s mokykl\u0173 vertinimo agent\u016bros pateiktus mokykl\u0173 \u012fsivertinimo duomenis.<\/p>\n<p>Tyrim\u0105 atliko UAB \u201eEurointegracijos projektai\u201c tyr\u0117j\u0173 jungtin\u0117 grup\u0117:<\/p>\n<ol>\n<li>dr. Tomas Butvilas, <em>Mykolo Romerio universitetas, \u201e<\/em><em>Eurointegracijos projektai\u201c ekspertas, projekto vadovas;<\/em><\/li>\n<li>Aldona Augustinien\u0117, <em>Kauno technologijos universiteto Socialini\u0173, humanitarini\u0173 moksl\u0173 ir men\u0173 fakultetas, Edukacini\u0173 tyrim\u0173 mokslo grup\u0117;<\/em><\/li>\n<li>Irina Klizien\u0117, <em>Kauno technologijos universiteto Socialini\u0173, humanitarini\u0173 moksl\u0173 ir men\u0173 fakultetas, Edukacini\u0173 tyrim\u0173 mokslo grup\u0117;<\/em><\/li>\n<li>Ginas \u010ci\u017eauskas, <em>Kauno technologijos universiteto Mechanikos in\u017einerijos ir dizaino fakultetas, Mechanikos in\u017einerijos katedra.<\/em><\/li>\n<\/ol>\n<p>Mokslininkai atliko pateikt\u0173 2016 ir 2018 met\u0173 Lietuvos bendrojo ugdymo mokykl\u0173 veiklos \u012fsivertinimo duomen\u0173\u00a0 kiekybin\u0119 ir kokybin\u0119 analiz\u0119, pareng\u0117 ir pateiks kiekybinio ir kokybinio tyrimo ataskait\u0105. Remiantis tyrimo i\u0161vadomis ir rekomendacijomis parengta keturi\u0173 moduli\u0173 kvalifikacijos tobulinimo programa. Numatoma dviej\u0173 valand\u0173 trukm\u0117.<\/p>\n<p>Kvie\u010diame \u012f tyrimo pristatym\u0105. <strong>Registracija <a href=\"http:\/\/tiny.lt\/3ehy79n\" target=\"_blank\" rel=\"noopener noreferrer\"><i class=\"fa fa-arrow-circle-right \" ><\/i><\/a><\/strong><\/p>\n<p>Albina Vilimien\u0117<br \/>\nNacionalin\u0117s \u0161vietimo agent\u016bros<br \/>\n\u0160vietimo pagalbos departamento<br \/>\nMokykl\u0173 veiklos \u012fsivertinimo ir tobulinimo skyriaus ved\u0117ja<br \/>\nEl. p. <a href=\"mailto:albina.vilimiene@upc.smm.lt\">albina.vilimiene@upc.smm.lt<\/a><\/p>\n","protected":false},"excerpt":{"rendered":"<p>2019 m. gruod\u017eio 13 d. (penktadien\u012f) 13 val. \u0160vietimo, mokslo ir sporto ministerijos Kolegij\u0173 sal\u0117je (A. Volano g. 2, Vilnius) bus pristatytas \u0160vietimo, mokslo ir sporto ministerijos u\u017esakymu atliktas tyrimas apie vaiko individualios pa\u017eangos vertinimo situacij\u0105 ir kait\u0105 Lietuvoje lyginant&nbsp;<a href=\"https:\/\/www.nsa.smsm.lt\/old\/2019\/12\/06\/kvieciame-i-tyrimo-apie-vaiko-individualios-pazangos-vertinimo-situacijos-ir-kaitos-lietuvoje-pristatyma\/\" class=\"placiau\">Pla\u010diau <i class=\"fa fa-caret-right\"><\/i><\/a><\/p>\n","protected":false},"author":1,"featured_media":0,"comment_status":"open","ping_status":"open","sticky":false,"template":"","format":"standard","meta":{"_acf_changed":false,"footnotes":""},"categories":[1],"tags":[],"class_list":["post-10574","post","type-post","status-publish","format-standard","hentry","category-nacionalines-svietimo-agenturos-naujienos"],"acf":[],"_links":{"self":[{"href":"https:\/\/www.nsa.smsm.lt\/old\/wp-json\/wp\/v2\/posts\/10574","targetHints":{"allow":["GET"]}}],"collection":[{"href":"https:\/\/www.nsa.smsm.lt\/old\/wp-json\/wp\/v2\/posts"}],"about":[{"href":"https:\/\/www.nsa.smsm.lt\/old\/wp-json\/wp\/v2\/types\/post"}],"author":[{"embeddable":true,"href":"https:\/\/www.nsa.smsm.lt\/old\/wp-json\/wp\/v2\/users\/1"}],"replies":[{"embeddable":true,"href":"https:\/\/www.nsa.smsm.lt\/old\/wp-json\/wp\/v2\/comments?post=10574"}],"version-history":[{"count":0,"href":"https:\/\/www.nsa.smsm.lt\/old\/wp-json\/wp\/v2\/posts\/10574\/revisions"}],"wp:attachment":[{"href":"https:\/\/www.nsa.smsm.lt\/old\/wp-json\/wp\/v2\/media?parent=10574"}],"wp:term":[{"taxonomy":"category","embeddable":true,"href":"https:\/\/www.nsa.smsm.lt\/old\/wp-json\/wp\/v2\/categories?post=10574"},{"taxonomy":"post_tag","embeddable":true,"href":"https:\/\/www.nsa.smsm.lt\/old\/wp-json\/wp\/v2\/tags?post=10574"}],"curies":[{"name":"wp","href":"https:\/\/api.w.org\/{rel}","templated":true}]}}