{"id":10444,"date":"2019-11-22T08:52:48","date_gmt":"2019-11-22T06:52:48","guid":{"rendered":"https:\/\/www.nsa.smsm.lt\/old\/?p=10444"},"modified":"2019-11-22T10:31:56","modified_gmt":"2019-11-22T08:31:56","slug":"kvieciame-dalyvauti-parodos-mokykla-2019-atidaryme","status":"publish","type":"post","link":"https:\/\/www.nsa.smsm.lt\/old\/2019\/11\/22\/kvieciame-dalyvauti-parodos-mokykla-2019-atidaryme\/","title":{"rendered":"Kvie\u010diame dalyvauti parodos \u201eMokykla 2019\u201c atidaryme!"},"content":{"rendered":"<p>Svarbiausias Lietuvos \u0161vietimo bendruomen\u0117s met\u0173 renginys prasideda jau \u0161\u012f penktadien\u012f \u2013 lapkri\u010dio 22 dien\u0105.<\/p>\n<p>Kartu su visais dalyvaukime parodos atidaryme 10.30 val. 3 sal\u0117s foj\u0117. Parodos duris \u012f \u201eMokykl\u0105 2019\u201c atvers Lietuvos Respublikos \u0161vietimo, mokslo ir sporto ministras Algirdas Monkevi\u010dius, kviesdamas mokytis su visais ir i\u0161 vis\u0173. Lietuvos Respublikos Ministro Pirmininko Sauliaus Skvernelio sveikinim\u0105 \u0161vietimo bendruomenei perduos Ministro pirmininko patar\u0117ja \u0161vietimo, mokslo, kult\u016bros ir sporto klausimais Un\u0117 Kaunait\u0117.<\/p>\n<p>Parodoje vyks renginiai mokytojams, mokykl\u0173 vadovams, mokiniams ir j\u0173 t\u0117vams. Bus gyvai ir interaktyviai pristatomos ugdymo(si) metodikos, paslaugos \u0161vietimui, demonstruojamos naujausios mokymo(si) priemon\u0117s ir technologijos, aptariami mokyklose realiai veikiantys pavyzd\u017eiai bei s\u0117km\u0117s istorijos.<\/p>\n<p>Parod\u0105 organizuoja \u0160vietimo, mokslo ir sporto ministerija, Nacionalin\u0117 \u0161vietimo agent\u016bra ir Lietuvos parod\u0173 ir kongres\u0173 centras \u201eLitexpo\u201c.<\/p>\n<p>Paroda vyks lapkri\u010dio 22\u201323 d. Lietuvos parod\u0173 ir kongres\u0173 centre \u201eLitexpo\u201c.<br \/>\nDaugiau informacijos\u00a0<a href=\"https:\/\/www.parodamokykla.lt\/\">www.parodamokykla.lt<\/a>\u00a0svetain\u0117je.<\/p>\n","protected":false},"excerpt":{"rendered":"<p>Svarbiausias Lietuvos \u0161vietimo bendruomen\u0117s met\u0173 renginys prasideda jau \u0161\u012f penktadien\u012f \u2013 lapkri\u010dio 22 dien\u0105. Kartu su visais dalyvaukime parodos atidaryme 10.30 val. 3 sal\u0117s foj\u0117. Parodos duris \u012f \u201eMokykl\u0105 2019\u201c atvers Lietuvos Respublikos \u0161vietimo, mokslo ir sporto ministras Algirdas Monkevi\u010dius,&nbsp;<a href=\"https:\/\/www.nsa.smsm.lt\/old\/2019\/11\/22\/kvieciame-dalyvauti-parodos-mokykla-2019-atidaryme\/\" class=\"placiau\">Pla\u010diau <i class=\"fa fa-caret-right\"><\/i><\/a><\/p>\n","protected":false},"author":1,"featured_media":9971,"comment_status":"open","ping_status":"open","sticky":false,"template":"","format":"standard","meta":{"_acf_changed":false,"footnotes":""},"categories":[1],"tags":[],"class_list":["post-10444","post","type-post","status-publish","format-standard","has-post-thumbnail","hentry","category-nacionalines-svietimo-agenturos-naujienos"],"acf":[],"_links":{"self":[{"href":"https:\/\/www.nsa.smsm.lt\/old\/wp-json\/wp\/v2\/posts\/10444","targetHints":{"allow":["GET"]}}],"collection":[{"href":"https:\/\/www.nsa.smsm.lt\/old\/wp-json\/wp\/v2\/posts"}],"about":[{"href":"https:\/\/www.nsa.smsm.lt\/old\/wp-json\/wp\/v2\/types\/post"}],"author":[{"embeddable":true,"href":"https:\/\/www.nsa.smsm.lt\/old\/wp-json\/wp\/v2\/users\/1"}],"replies":[{"embeddable":true,"href":"https:\/\/www.nsa.smsm.lt\/old\/wp-json\/wp\/v2\/comments?post=10444"}],"version-history":[{"count":0,"href":"https:\/\/www.nsa.smsm.lt\/old\/wp-json\/wp\/v2\/posts\/10444\/revisions"}],"wp:featuredmedia":[{"embeddable":true,"href":"https:\/\/www.nsa.smsm.lt\/old\/wp-json\/wp\/v2\/media\/9971"}],"wp:attachment":[{"href":"https:\/\/www.nsa.smsm.lt\/old\/wp-json\/wp\/v2\/media?parent=10444"}],"wp:term":[{"taxonomy":"category","embeddable":true,"href":"https:\/\/www.nsa.smsm.lt\/old\/wp-json\/wp\/v2\/categories?post=10444"},{"taxonomy":"post_tag","embeddable":true,"href":"https:\/\/www.nsa.smsm.lt\/old\/wp-json\/wp\/v2\/tags?post=10444"}],"curies":[{"name":"wp","href":"https:\/\/api.w.org\/{rel}","templated":true}]}}