{"id":10426,"date":"2019-11-19T08:32:29","date_gmt":"2019-11-19T06:32:29","guid":{"rendered":"https:\/\/www.nsa.smsm.lt\/old\/?p=10426"},"modified":"2019-11-19T18:33:30","modified_gmt":"2019-11-19T16:33:30","slug":"patvirtintos-bendruju-programu-atnaujinimo-gaires","status":"publish","type":"post","link":"https:\/\/www.nsa.smsm.lt\/old\/2019\/11\/19\/patvirtintos-bendruju-programu-atnaujinimo-gaires\/","title":{"rendered":"Patvirtintos Bendr\u0173j\u0173 program\u0173 atnaujinimo gair\u0117s"},"content":{"rendered":"<p>Lapkri\u010dio 18 dien\u0105 Lietuvos Respublikos \u0161vietimo, mokslo ir sporto ministras Algirdas Monkevi\u010dius patvirtino Bendr\u0173j\u0173 program\u0173 atnaujinimo gaires. \u0160is projektas buvo pristatomas ir svarstomas \u0161vietimo bendruomen\u0117je, visuomen\u0117 buvo kvie\u010diama teikti pasi\u016blymus.<\/p>\n<p>Remiantis \u0161iomis gair\u0117mis bus atnaujinamos pradinio, pagrindinio ir vidurinio ugdymo mokom\u0173j\u0173 dalyk\u0173 programos. Atsi\u017evelgiant \u012f esamos b\u016bkl\u0117s ap\u017evalg\u0105 br\u0117\u017eiamos pagrindin\u0117s Bendr\u0173j\u0173 program\u0173 atnaujinimo kryptys: stiprinti asmens savybi\u0173 ir vertybi\u0173 ugdym\u0105, sukurti s\u0105lygas kiekvienam mokiniui \u012fgyti auk\u0161tesnius pasiekimus.<\/p>\n<p>Gair\u0117se i\u0161skiriamos pagrindin\u0117s ugdytinos kompetencijos: socialin\u0117, emocin\u0117 ir sveikos gyvensenos, pa\u017einimo, k\u016brybi\u0161kumo, pilietin\u0117, kult\u016brin\u0117 ir komunikavimo kompetencija. Dokumente apibr\u0117\u017eti reikalavimai ugdymo turinio atnaujinimui bendrose programose, nurodoma, kokiais b\u016bdais \u012fgyvendinama tarpdalykin\u0117 integracija.<\/p>\n<p>Su Bendr\u0173j\u0173 program\u0173 atnaujinimo gairi\u0173 dokumentu galima susipa\u017einti <a href=\"https:\/\/www.e-tar.lt\/portal\/lt\/legalAct\/e3e9269009e511ea9d279ea27696ab7b\" target=\"_blank\" rel=\"noopener noreferrer\">\u010dia<\/a>.<\/p>\n","protected":false},"excerpt":{"rendered":"<p>Lapkri\u010dio 18 dien\u0105 Lietuvos Respublikos \u0161vietimo, mokslo ir sporto ministras Algirdas Monkevi\u010dius patvirtino Bendr\u0173j\u0173 program\u0173 atnaujinimo gaires. \u0160is projektas buvo pristatomas ir svarstomas \u0161vietimo bendruomen\u0117je, visuomen\u0117 buvo kvie\u010diama teikti pasi\u016blymus. Remiantis \u0161iomis gair\u0117mis bus atnaujinamos pradinio, pagrindinio ir vidurinio ugdymo&nbsp;<a href=\"https:\/\/www.nsa.smsm.lt\/old\/2019\/11\/19\/patvirtintos-bendruju-programu-atnaujinimo-gaires\/\" class=\"placiau\">Pla\u010diau <i class=\"fa fa-caret-right\"><\/i><\/a><\/p>\n","protected":false},"author":1,"featured_media":0,"comment_status":"open","ping_status":"open","sticky":false,"template":"","format":"standard","meta":{"_acf_changed":false,"footnotes":""},"categories":[1],"tags":[],"class_list":["post-10426","post","type-post","status-publish","format-standard","hentry","category-nacionalines-svietimo-agenturos-naujienos"],"acf":[],"_links":{"self":[{"href":"https:\/\/www.nsa.smsm.lt\/old\/wp-json\/wp\/v2\/posts\/10426","targetHints":{"allow":["GET"]}}],"collection":[{"href":"https:\/\/www.nsa.smsm.lt\/old\/wp-json\/wp\/v2\/posts"}],"about":[{"href":"https:\/\/www.nsa.smsm.lt\/old\/wp-json\/wp\/v2\/types\/post"}],"author":[{"embeddable":true,"href":"https:\/\/www.nsa.smsm.lt\/old\/wp-json\/wp\/v2\/users\/1"}],"replies":[{"embeddable":true,"href":"https:\/\/www.nsa.smsm.lt\/old\/wp-json\/wp\/v2\/comments?post=10426"}],"version-history":[{"count":0,"href":"https:\/\/www.nsa.smsm.lt\/old\/wp-json\/wp\/v2\/posts\/10426\/revisions"}],"wp:attachment":[{"href":"https:\/\/www.nsa.smsm.lt\/old\/wp-json\/wp\/v2\/media?parent=10426"}],"wp:term":[{"taxonomy":"category","embeddable":true,"href":"https:\/\/www.nsa.smsm.lt\/old\/wp-json\/wp\/v2\/categories?post=10426"},{"taxonomy":"post_tag","embeddable":true,"href":"https:\/\/www.nsa.smsm.lt\/old\/wp-json\/wp\/v2\/tags?post=10426"}],"curies":[{"name":"wp","href":"https:\/\/api.w.org\/{rel}","templated":true}]}}