{"id":10338,"date":"2019-11-15T06:32:58","date_gmt":"2019-11-15T04:32:58","guid":{"rendered":"https:\/\/www.nsa.smsm.lt\/old\/?p=10338"},"modified":"2019-11-15T11:03:37","modified_gmt":"2019-11-15T09:03:37","slug":"metodine-diena-lietuviu-kalbos-ir-literaturos-pagrindinio-ugdymo-mokytojams","status":"publish","type":"post","link":"https:\/\/www.nsa.smsm.lt\/old\/2019\/11\/15\/metodine-diena-lietuviu-kalbos-ir-literaturos-pagrindinio-ugdymo-mokytojams\/","title":{"rendered":"Metodin\u0117 diena lietuvi\u0173 kalbos ir literat\u016bros pagrindinio ugdymo mokytojams"},"content":{"rendered":"<p>Lietuvos Respublikos \u0161vietimo, mokslo ir sporto ministerija ir Nacionalin\u0117 \u0161vietimo agent\u016bra 2019 m. lapkri\u010dio ir gruod\u017eio m\u0117nesiais kvie\u010dia Vilniaus ir Klaip\u0117dos apskri\u010di\u0173, Visagino savivaldyb\u0117s ir Ignalinos bei Zaras\u0173 rajon\u0173 lietuvi\u0173 kalbos ir literat\u016bros pagrindinio ugdymo mokytojus \u012f metodin\u0119 dien\u0105 <strong>\u201eMokini\u0173 ra\u0161tingumo geb\u0117jim\u0173 ugdymas: k\u016brybin\u0117s dirbtuv\u0117s su mokytojais praktikais\u201c.<\/strong><\/p>\n<p>Tikslas \u2013 stiprinti lietuvi\u0173 kalbos ir literat\u016bros mokytoj\u0173 kompetencijas, b\u016btinas <a href=\"http:\/\/www.upc.smm.lt\/ugdymas\/dokumentai\/22LIETUVIU-KALBOS-IR-LITERATUROS-PAGRINDINIO-UGDYMO-BENDROJI-PROGRAMA-2016-p-002.pdf\"><em>Lietuvi\u0173 kalbos ir literat\u016bros pagrindinio ugdymo bendrojoje\u00a0 programoje<\/em><\/a> akcentuojamiems mokini\u0173 ra\u0161tingumo geb\u0117jimams ugdyti<em>.<\/em><\/p>\n<p>Renginiai vyks:<\/p>\n<ul>\n<li>lapkri\u010dio 28 d. Vilniaus kolegijoje (Student\u0173 g. 39A, Vilnius) Vilniaus ir Klaip\u0117dos apskri\u010di\u0173 (\u012fskaitant ir Vilniaus rajono bei Vilniaus miesto ugdymo \u012fstaig\u0173) mokykl\u0173 lietuvi\u0173 kalbos ir literat\u016bros pagrindinio ugdymo mokytojams. <a href=\"https:\/\/duomenys.ugdome.lt\/renginys\/?17500\"><strong>Registruotis<\/strong><\/a><strong>.<\/strong><\/li>\n<li>gruod\u017eio 3 d. \u0160al\u010dinink\u0173 \u201eSantarv\u0117s\u201c gimnazijoje (Vytauto g. 35, \u0160al\u010dininkai) \u0160al\u010dinink\u0173 rajono mokykl\u0173 lietuvi\u0173 kalbos ir literat\u016bros pagrindinio ugdymo mokytojams. <a href=\"https:\/\/duomenys.ugdome.lt\/renginys\/?17501\"><strong>Registruotis<\/strong><\/a><strong>.<\/strong><\/li>\n<li>gruod\u017eio 5 d. Visagino \u201eVerden\u0117s\u201c gimnazijoje (Taikos pr. 21, V<em>i<\/em>saginas) Visagino savivaldyb\u0117s, Ignalinos ir Zaras\u0173 rajon\u0173 mokykl\u0173 lietuvi\u0173 kalbos ir literat\u016bros pagrindinio ugdymo mokytojams. <a href=\"https:\/\/duomenys.ugdome.lt\/renginys\/?17502\"><strong>Registruotis<\/strong><\/a><strong>.<\/strong><\/li>\n<\/ul>\n<p>Vis\u0173 rengini\u0173 prad\u017eia \u2013 12.00 val. Dalyvi\u0173 registracija vyks nuo 11.30 val.<\/p>\n<p>Maloniai kvie\u010diame dalyvauti ir registruotis informacin\u0117je sistemoje \u201eUgdymo sodas\u201c.<\/p>\n<p>Renginiai nemokami. Dalyviai gaus pa\u017eymas.<\/p>\n<p>Nacionalin\u0117 \u0161vietimo agent\u016bra kelion\u0117s i\u0161laid\u0173 neapmoka.<\/p>\n<p><b>Ra\u0161tas kvietimas <a href=\"https:\/\/www.nsa.smsm.lt\/old\/old\/wp-content\/uploads\/2019\/11\/kvietimas.pdf\"><i class=\"fa fa-arrow-circle-right \" ><\/i><\/a><\/b><\/p>\n<p>Meil\u0117 \u010ceponien\u0117<br \/>\nNacionalin\u0117s \u0161vietimo agent\u016bros<br \/>\n\u0160vietimo pagalbos departamento<br \/>\nKvalifikacijos tobulinimo skyriaus metodinink\u0117<br \/>\nEl. p. <a href=\"mailto:meile.ceponiene@upc.smm.lt\">meile.ceponiene@upc.smm.lt<\/a><\/p>\n<p>&nbsp;<\/p>\n","protected":false},"excerpt":{"rendered":"<p>Lietuvos Respublikos \u0161vietimo, mokslo ir sporto ministerija ir Nacionalin\u0117 \u0161vietimo agent\u016bra 2019 m. lapkri\u010dio ir gruod\u017eio m\u0117nesiais kvie\u010dia Vilniaus ir Klaip\u0117dos apskri\u010di\u0173, Visagino savivaldyb\u0117s ir Ignalinos bei Zaras\u0173 rajon\u0173 lietuvi\u0173 kalbos ir literat\u016bros pagrindinio ugdymo mokytojus \u012f metodin\u0119 dien\u0105 \u201eMokini\u0173&nbsp;<a href=\"https:\/\/www.nsa.smsm.lt\/old\/2019\/11\/15\/metodine-diena-lietuviu-kalbos-ir-literaturos-pagrindinio-ugdymo-mokytojams\/\" class=\"placiau\">Pla\u010diau <i class=\"fa fa-caret-right\"><\/i><\/a><\/p>\n","protected":false},"author":1,"featured_media":0,"comment_status":"open","ping_status":"open","sticky":false,"template":"","format":"standard","meta":{"_acf_changed":false,"footnotes":""},"categories":[1],"tags":[],"class_list":["post-10338","post","type-post","status-publish","format-standard","hentry","category-nacionalines-svietimo-agenturos-naujienos"],"acf":[],"_links":{"self":[{"href":"https:\/\/www.nsa.smsm.lt\/old\/wp-json\/wp\/v2\/posts\/10338","targetHints":{"allow":["GET"]}}],"collection":[{"href":"https:\/\/www.nsa.smsm.lt\/old\/wp-json\/wp\/v2\/posts"}],"about":[{"href":"https:\/\/www.nsa.smsm.lt\/old\/wp-json\/wp\/v2\/types\/post"}],"author":[{"embeddable":true,"href":"https:\/\/www.nsa.smsm.lt\/old\/wp-json\/wp\/v2\/users\/1"}],"replies":[{"embeddable":true,"href":"https:\/\/www.nsa.smsm.lt\/old\/wp-json\/wp\/v2\/comments?post=10338"}],"version-history":[{"count":0,"href":"https:\/\/www.nsa.smsm.lt\/old\/wp-json\/wp\/v2\/posts\/10338\/revisions"}],"wp:attachment":[{"href":"https:\/\/www.nsa.smsm.lt\/old\/wp-json\/wp\/v2\/media?parent=10338"}],"wp:term":[{"taxonomy":"category","embeddable":true,"href":"https:\/\/www.nsa.smsm.lt\/old\/wp-json\/wp\/v2\/categories?post=10338"},{"taxonomy":"post_tag","embeddable":true,"href":"https:\/\/www.nsa.smsm.lt\/old\/wp-json\/wp\/v2\/tags?post=10338"}],"curies":[{"name":"wp","href":"https:\/\/api.w.org\/{rel}","templated":true}]}}