{"id":10335,"date":"2019-11-14T09:23:25","date_gmt":"2019-11-14T07:23:25","guid":{"rendered":"https:\/\/www.nsa.smsm.lt\/old\/?p=10335"},"modified":"2019-11-14T12:25:37","modified_gmt":"2019-11-14T10:25:37","slug":"kvieciame-dalyvauti-konferencijoje-inovatyvus-ir-kurybiskas-prancuzu-kalbos-mokymas-svietimo-ateities-sekmes-garantas","status":"publish","type":"post","link":"https:\/\/www.nsa.smsm.lt\/old\/2019\/11\/14\/kvieciame-dalyvauti-konferencijoje-inovatyvus-ir-kurybiskas-prancuzu-kalbos-mokymas-svietimo-ateities-sekmes-garantas\/","title":{"rendered":"Kvie\u010diame dalyvauti konferencijoje \u201eInovatyvus ir k\u016brybi\u0161kas pranc\u016bz\u0173 kalbos mokymas \u2013 \u0161vietimo ateities s\u0117km\u0117s garantas\u201c"},"content":{"rendered":"<p><img loading=\"lazy\" decoding=\"async\" class=\"size-full wp-image-10336 alignleft\" src=\"https:\/\/www.nsa.smsm.lt\/old\/old\/wp-content\/uploads\/2019\/11\/asociacija.png\" alt=\"\" width=\"147\" height=\"100\" \/>Pirm\u0105 kart\u0105 minint Tarptautin\u0119 pranc\u016bz\u0173 kalbos mokytoj\u0173 dien\u0105, pranc\u016bz\u0173 kalbos ir kit\u0173 (nekalbini\u0173) dalyk\u0173 mokytojai, esami ir b\u016bsimi QF (Qualit\u00e9 francophone) \u017eenklo programos nariai, frankofonij\u0105 puosel\u0117jan\u010di\u0173 Lietuvos ugdymo institucij\u0173 atstovai ir visi kiti, besidomintys \u0161iuolaiki\u0161ku pranc\u016bz\u0173 kalbos mokymu, kvie\u010diami dalyvauti konferencijoje ,,Inovatyvus ir k\u016brybi\u0161kas pranc\u016bz\u0173 kalbos mokymas \u2013 \u0161vietimo ateities s\u0117km\u0117s garantas\u201c.<\/p>\n<p>Konferencij\u0105 organizuoja Nacionalin\u0117 \u0161vietimo agent\u016bra kartu su Lietuvos pranc\u016bz\u0173 kalbos mokytoj\u0173 ir d\u0117stytoj\u0173 asociacija. Konferencija vyks 2019 m. lapkri\u010dio 29\u201330 d. VDU \u0160vietimo akademijoje (T. \u0160ev\u010denkos g. 31, Vilnius).<\/p>\n<p>Renginyje prane\u0161imus skaitys ir pristatys organizuojamas veiklas savo \u0161alyse lektoriai i\u0161 Lietuvos, Pranc\u016bzijos, pranc\u016bz\u0173 kalbos mokytoj\u0173 asociacij\u0173 atstovai i\u0161 Lenkijos, \u010cekijos, Latvijos bei Estijos, mokytojai dalinsis ger\u0105ja patirtimi. Konferencija vyks pranc\u016bz\u0173 kalba.<\/p>\n<p>Registracija \u012f konferencij\u0105 vyks iki lapkri\u010dio 22 dienos: <a href=\"https:\/\/forms.gle\/4aDcuCiL8W8fBZsQ6\">https:\/\/forms.gle\/4aDcuCiL8W8fBZsQ6<\/a><br \/>\nU\u017esiregistravusiems konferencijos dalyviams bus i\u0161duodamos Nacionalin\u0117s \u0161vietimo agent\u016bros pa\u017eymos. Konferencijos programa bus skelbiama lapkri\u010dio 26 d.<\/p>\n<p>Pastaba: organizatoriai pasir\u016bpins nakvyn\u0117s Vilniuje galimybe dalyviams i\u0161 kit\u0173 miest\u0173. Taip pat norime atkreipti d\u0117mes\u012f, kad nakvyn\u0117s i\u0161laidas apmoka \u012f konferencij\u0105 siun\u010dianti \u0161vietimo \u012fstaiga arba pats konferencijos dalyvis.<\/p>\n<p>Roma Sausaitien\u0117<br \/>\nNacionalin\u0117s \u0161vietimo agent\u016bros<br \/>\n\u0160vietimo pagalbos departamento<br \/>\nKvalifikacijos tobulinimo skyriaus metodinink\u0117<br \/>\nEl. p. <a href=\"mailto:roma.sausaitiene@upc.smm.lt\">roma.sausaitiene@upc.smm.lt<\/a><\/p>\n","protected":false},"excerpt":{"rendered":"<p>Pirm\u0105 kart\u0105 minint Tarptautin\u0119 pranc\u016bz\u0173 kalbos mokytoj\u0173 dien\u0105, pranc\u016bz\u0173 kalbos ir kit\u0173 (nekalbini\u0173) dalyk\u0173 mokytojai, esami ir b\u016bsimi QF (Qualit\u00e9 francophone) \u017eenklo programos nariai, frankofonij\u0105 puosel\u0117jan\u010di\u0173 Lietuvos ugdymo institucij\u0173 atstovai ir visi kiti, besidomintys \u0161iuolaiki\u0161ku pranc\u016bz\u0173 kalbos mokymu, kvie\u010diami dalyvauti&nbsp;<a href=\"https:\/\/www.nsa.smsm.lt\/old\/2019\/11\/14\/kvieciame-dalyvauti-konferencijoje-inovatyvus-ir-kurybiskas-prancuzu-kalbos-mokymas-svietimo-ateities-sekmes-garantas\/\" class=\"placiau\">Pla\u010diau <i class=\"fa fa-caret-right\"><\/i><\/a><\/p>\n","protected":false},"author":1,"featured_media":0,"comment_status":"open","ping_status":"open","sticky":false,"template":"","format":"standard","meta":{"_acf_changed":false,"footnotes":""},"categories":[1],"tags":[],"class_list":["post-10335","post","type-post","status-publish","format-standard","hentry","category-nacionalines-svietimo-agenturos-naujienos"],"acf":[],"_links":{"self":[{"href":"https:\/\/www.nsa.smsm.lt\/old\/wp-json\/wp\/v2\/posts\/10335","targetHints":{"allow":["GET"]}}],"collection":[{"href":"https:\/\/www.nsa.smsm.lt\/old\/wp-json\/wp\/v2\/posts"}],"about":[{"href":"https:\/\/www.nsa.smsm.lt\/old\/wp-json\/wp\/v2\/types\/post"}],"author":[{"embeddable":true,"href":"https:\/\/www.nsa.smsm.lt\/old\/wp-json\/wp\/v2\/users\/1"}],"replies":[{"embeddable":true,"href":"https:\/\/www.nsa.smsm.lt\/old\/wp-json\/wp\/v2\/comments?post=10335"}],"version-history":[{"count":0,"href":"https:\/\/www.nsa.smsm.lt\/old\/wp-json\/wp\/v2\/posts\/10335\/revisions"}],"wp:attachment":[{"href":"https:\/\/www.nsa.smsm.lt\/old\/wp-json\/wp\/v2\/media?parent=10335"}],"wp:term":[{"taxonomy":"category","embeddable":true,"href":"https:\/\/www.nsa.smsm.lt\/old\/wp-json\/wp\/v2\/categories?post=10335"},{"taxonomy":"post_tag","embeddable":true,"href":"https:\/\/www.nsa.smsm.lt\/old\/wp-json\/wp\/v2\/tags?post=10335"}],"curies":[{"name":"wp","href":"https:\/\/api.w.org\/{rel}","templated":true}]}}